{"id":1396,"date":"2025-05-21T12:15:04","date_gmt":"2025-05-21T16:15:04","guid":{"rendered":"https:\/\/radiopoloniawinnipeg.com\/index.php\/2025\/05\/21\/glod-smierc-i-cisza-swiata-gaza-tonie-w-rozpaczy-kosciol-apeluje-o-ratunek\/"},"modified":"2025-05-21T12:15:04","modified_gmt":"2025-05-21T16:15:04","slug":"glod-smierc-i-cisza-swiata-gaza-tonie-w-rozpaczy-kosciol-apeluje-o-ratunek","status":"publish","type":"post","link":"https:\/\/radiopoloniawinnipeg.com\/index.php\/2025\/05\/21\/glod-smierc-i-cisza-swiata-gaza-tonie-w-rozpaczy-kosciol-apeluje-o-ratunek\/","title":{"rendered":"G\u0142\u00f3d, \u015bmier\u0107 i cisza \u015bwiata. Gaza tonie w rozpaczy, Ko\u015bci\u00f3\u0142 apeluje o ratunek"},"content":{"rendered":"<p><img decoding=\"async\" loading=\"lazy\" class=\"aligncenter size-custom-full-size wp-image-212358\" src=\"https:\/\/bejsment.com\/wp-content\/uploads\/2025\/05\/aagaza2-636x477.jpg\" alt=\"\" width=\"636\" height=\"477\" \/><\/p>\n<p><strong>W Strefie Gazy szerzy si\u0119 dramat humanitarny \u2013 brak \u017cywno\u015bci, lek\u00f3w i wody pitnej dotyka dwa miliony ludzi. Duchowni alarmuj\u0105: dzieci umieraj\u0105, a \u015bwiat wci\u0105\u017c milczy. \u201eTo cierpienie zostawi blizny na pokoleniach\u201d \u2013 m\u00f3wi\u0105 przedstawiciele Ko\u015bcio\u0142a.<\/strong><\/p>\n<p>W obliczu trwaj\u0105cej izraelskiej ofensywy l\u0105dowej w Strefie Gazy, przedstawiciele Ko\u015bcio\u0142a bij\u0105 na alarm. Brak \u017cywno\u015bci, lekarstw i czystej wody doprowadza ludno\u015b\u0107 cywiln\u0105 \u2013 zw\u0142aszcza dzieci \u2013 na skraj przetrwania. \u2013 Dwa miliony ludzi znajduje si\u0119 w stanie g\u0142\u0119bokiej rozpaczy \u2013 m\u00f3wi ks. Gabriel Romanelli, proboszcz jedynej katolickiej parafii w Gazie.<\/p>\n<p>Wikariusz Kustodii Ziemi \u015awi\u0119tej, franciszkanin o. Ibrahim Faltas, opisa\u0142 sytuacj\u0119 jako dramatyczn\u0105: \u2013 Dzieci, rodziny i starsi s\u0105 skazani na g\u0142\u00f3d. To skutek bezczynno\u015bci \u015bwiata wobec przemocy, kt\u00f3ra trwa zbyt d\u0142ugo.<\/p>\n<p><strong>Pomoc niewystarczaj\u0105ca, blokady trwaj\u0105<\/strong><\/p>\n<p>Izrael, po blisko trzymiesi\u0119cznej blokadzie, obieca\u0142 dopuszczenie ograniczonych dostaw pomocy humanitarnej. Jednak wed\u0142ug wsp\u00f3lnego o\u015bwiadczenia 22 pa\u0144stw i Unii Europejskiej, to zdecydowanie za ma\u0142o. Podkre\u015blono, \u017ce proponowany model dostaw nie zapewnia ani tempa, ani skali adekwatnej do potrzeb, a co gorsza \u2013 uzale\u017cnia pomoc od cel\u00f3w polityczno-wojskowych.<\/p>\n<p>\u2013 Od trzech miesi\u0119cy nie otrzymali\u015bmy \u017cadnej dostawy \u2013 m\u00f3wi ks. Romanelli. \u2013 Rozdajemy m\u0105k\u0119 przesiewan\u0105 po kilka razy, by pozby\u0107 si\u0119 robak\u00f3w. Nie mamy podstawowych lek\u00f3w, nawet na biegunk\u0119. A wody pitnej praktycznie nie da si\u0119 uzdatni\u0107.<\/p>\n<h3><strong>Cierpienie dzieci \u2013 rana bez ko\u0144ca<\/strong><\/h3>\n<p>Najbole\u015bniej kryzys humanitarny odczuwaj\u0105 najm\u0142odsi. Wed\u0142ug danych Ko\u015bcio\u0142a tylko w ostatnim miesi\u0105cu w Strefie Gazy zmar\u0142o 950 dzieci, a od pocz\u0105tku wojny liczba ta si\u0119ga 20 tysi\u0119cy. Blisko milion nie ma dost\u0119pu do jedzenia, lek\u00f3w ani edukacji.<\/p>\n<p>\u2013 To cena nieudolno\u015bci politycznej. Rozwi\u0105zanie nie nast\u0105pi, dop\u00f3ki dzieci b\u0119d\u0105 umiera\u0107, a przej\u015bcia graniczne pozostan\u0105 zamkni\u0119te \u2013 ostrzega o. Faltas.<\/p>\n<p>Jak zaznacza duchowny, echo tego cierpienia si\u0119ga daleko poza Gaz\u0119. \u2013 Znam dzieci, kt\u00f3re przesta\u0142y m\u00f3wi\u0107, \u015bmia\u0107 si\u0119, je\u015b\u0107. Nie z powodu wojny w ich kraju, ale z solidarno\u015bci z r\u00f3wie\u015bnikami z Gazy. Ten g\u0142\u00f3d zostawia blizny, kt\u00f3re trudno b\u0119dzie zagoi\u0107.<\/p>\n<h3><strong>Papie\u017c Leon XIV w\u015br\u00f3d cierpi\u0105cych<\/strong><\/h3>\n<p>Duchowni z Gazy przyznaj\u0105, \u017ce ogromne znaczenie ma dla nich duchowe wsparcie nowego papie\u017ca Leona XIV. \u2013 Ju\u017c podczas modlitwy po inauguracji wskaza\u0142 na cierpienie Gazy, wzywaj\u0105c do natychmiastowego zawieszenia broni \u2013 przypomina ks. Romanelli. Wsp\u00f3lnota chrze\u015bcija\u0144ska czuje dzi\u0119ki niemu obecno\u015b\u0107 i solidarno\u015b\u0107 Ko\u015bcio\u0142a powszechnego.<\/p>\n<p>\u2013 W tych dniach ciemno\u015bci jego modlitwy i apele daj\u0105 nam pocieszenie \u2013 podsumowuje duchowny.<\/p>\n<p style=\"text-align: right\"><em>Na podst. Reuters i KAI<\/em><\/p>\n","protected":false},"excerpt":{"rendered":"<p>W Strefie Gazy szerzy si\u0119 dramat humanitarny \u2013 brak \u017cywno\u015bci, lek\u00f3w i wody pitnej dotyka dwa miliony ludzi. Duchowni alarmuj\u0105: dzieci umieraj\u0105, a \u015bwiat wci\u0105\u017c&hellip;<\/p>\n","protected":false},"author":3,"featured_media":1397,"comment_status":"open","ping_status":"open","sticky":false,"template":"","format":"standard","meta":{"footnotes":""},"categories":[15,18],"tags":[],"class_list":["post-1396","post","type-post","status-publish","format-standard","has-post-thumbnail","hentry","category-swiat","category-top-news"],"_links":{"self":[{"href":"https:\/\/radiopoloniawinnipeg.com\/index.php\/wp-json\/wp\/v2\/posts\/1396","targetHints":{"allow":["GET"]}}],"collection":[{"href":"https:\/\/radiopoloniawinnipeg.com\/index.php\/wp-json\/wp\/v2\/posts"}],"about":[{"href":"https:\/\/radiopoloniawinnipeg.com\/index.php\/wp-json\/wp\/v2\/types\/post"}],"author":[{"embeddable":true,"href":"https:\/\/radiopoloniawinnipeg.com\/index.php\/wp-json\/wp\/v2\/users\/3"}],"replies":[{"embeddable":true,"href":"https:\/\/radiopoloniawinnipeg.com\/index.php\/wp-json\/wp\/v2\/comments?post=1396"}],"version-history":[{"count":0,"href":"https:\/\/radiopoloniawinnipeg.com\/index.php\/wp-json\/wp\/v2\/posts\/1396\/revisions"}],"wp:featuredmedia":[{"embeddable":true,"href":"https:\/\/radiopoloniawinnipeg.com\/index.php\/wp-json\/wp\/v2\/media\/1397"}],"wp:attachment":[{"href":"https:\/\/radiopoloniawinnipeg.com\/index.php\/wp-json\/wp\/v2\/media?parent=1396"}],"wp:term":[{"taxonomy":"category","embeddable":true,"href":"https:\/\/radiopoloniawinnipeg.com\/index.php\/wp-json\/wp\/v2\/categories?post=1396"},{"taxonomy":"post_tag","embeddable":true,"href":"https:\/\/radiopoloniawinnipeg.com\/index.php\/wp-json\/wp\/v2\/tags?post=1396"}],"curies":[{"name":"wp","href":"https:\/\/api.w.org\/{rel}","templated":true}]}}