{"id":1428,"date":"2025-05-23T08:30:06","date_gmt":"2025-05-23T12:30:06","guid":{"rendered":"https:\/\/radiopoloniawinnipeg.com\/index.php\/2025\/05\/23\/w-san-diego-samolot-spadl-na-domy\/"},"modified":"2025-05-23T08:30:06","modified_gmt":"2025-05-23T12:30:06","slug":"w-san-diego-samolot-spadl-na-domy","status":"publish","type":"post","link":"https:\/\/radiopoloniawinnipeg.com\/index.php\/2025\/05\/23\/w-san-diego-samolot-spadl-na-domy\/","title":{"rendered":"W San Diego samolot spad\u0142 na domy"},"content":{"rendered":"<p><img decoding=\"async\" loading=\"lazy\" class=\"aligncenter size-custom-full-size wp-image-212547\" src=\"https:\/\/bejsment.com\/wp-content\/uploads\/2025\/05\/aakatastrofa-636x423.jpg\" alt=\"\" width=\"636\" height=\"423\" \/><\/p>\n<p><strong>Tragiczny wypadek lotniczy w Kalifornii. W czwartek nad ranem w dzielnicy mieszkalnej San Diego rozbi\u0142 si\u0119 prywatny odrzutowiec Cessna 550. Na pok\u0142adzie znajdowa\u0142o si\u0119 od o\u015bmiu do dziesi\u0119ciu os\u00f3b \u2014 wszystkie prawdopodobnie zgin\u0119\u0142y.<\/strong><\/p>\n<p>Maszyna spad\u0142a oko\u0142o godziny 3:45 czasu lokalnego w pobli\u017cu lotniska Montgomery-Gibbs. Wed\u0142ug lokalnych s\u0142u\u017cb, wrak uderzy\u0142 w zabudowania mieszkalne, powoduj\u0105c rozleg\u0142e po\u017cary. Ogie\u0144 obj\u0105\u0142 kilkana\u015bcie dom\u00f3w oraz wiele zaparkowanych w okolicy samochod\u00f3w. Na miejscu powsta\u0142o \u201egigantyczne pole szcz\u0105tk\u00f3w\u201d, jak opisuj\u0105 stra\u017cacy cytowani przez agencj\u0119 AFP.<\/p>\n<p>Zaskakuj\u0105co, mimo skali zniszcze\u0144, nie odnotowano ofiar w\u015br\u00f3d mieszka\u0144c\u00f3w. \u2013 Na ziemi nikt najpewniej nie ucierpia\u0142 \u2013 przekaza\u0142 wiceszef stra\u017cy po\u017carnej w San Diego, Dan Eddy.<\/p>\n<p>Policja ewakuowa\u0142a mieszka\u0144c\u00f3w trzech s\u0105siednich ulic, apeluj\u0105c, by informowali s\u0142u\u017cby o ewentualnych szcz\u0105tkach samolotu lub wyczuwalnym zapachu paliwa lotniczego. \u015aledztwo w sprawie prowadzi Federalna Administracja Lotnictwa (FAA).<\/p>\n<p><img decoding=\"async\" loading=\"lazy\" class=\"aligncenter size-custom-full-size wp-image-212545\" src=\"https:\/\/bejsment.com\/wp-content\/uploads\/2025\/05\/aakatastrofa3-636x424.jpg\" alt=\"\" width=\"636\" height=\"424\" \/><\/p>\n<h3><strong>Seria katastrof w USA<\/strong><\/h3>\n<p>To kolejny wypadek lotniczy w Stanach Zjednoczonych w tym roku. W styczniu dosz\u0142o do dramatycznego zderzenia wojskowego helikoptera Black Hawk z samolotem pasa\u017cerskim w pobli\u017cu lotniska Reagan National w Waszyngtonie \u2014 zgin\u0119\u0142o 67 os\u00f3b. W kwietniu z kolei trzy osoby ponios\u0142y \u015bmier\u0107 w katastrofie samolotu Cessna 310R w Boca Raton na Florydzie. W tym samym miesi\u0105cu w Nowym Jorku do rzeki Hudson spad\u0142 \u015bmig\u0142owiec Bell 206L-4 LongRanger IV.<\/p>\n<p><em>Na podst. San Diego Tribune<\/em><\/p>\n","protected":false},"excerpt":{"rendered":"<p>Tragiczny wypadek lotniczy w Kalifornii. W czwartek nad ranem w dzielnicy mieszkalnej San Diego rozbi\u0142 si\u0119 prywatny odrzutowiec Cessna 550. Na pok\u0142adzie znajdowa\u0142o si\u0119 od&hellip;<\/p>\n","protected":false},"author":3,"featured_media":1429,"comment_status":"open","ping_status":"open","sticky":false,"template":"","format":"standard","meta":{"footnotes":""},"categories":[15,18],"tags":[],"class_list":["post-1428","post","type-post","status-publish","format-standard","has-post-thumbnail","hentry","category-swiat","category-top-news"],"_links":{"self":[{"href":"https:\/\/radiopoloniawinnipeg.com\/index.php\/wp-json\/wp\/v2\/posts\/1428","targetHints":{"allow":["GET"]}}],"collection":[{"href":"https:\/\/radiopoloniawinnipeg.com\/index.php\/wp-json\/wp\/v2\/posts"}],"about":[{"href":"https:\/\/radiopoloniawinnipeg.com\/index.php\/wp-json\/wp\/v2\/types\/post"}],"author":[{"embeddable":true,"href":"https:\/\/radiopoloniawinnipeg.com\/index.php\/wp-json\/wp\/v2\/users\/3"}],"replies":[{"embeddable":true,"href":"https:\/\/radiopoloniawinnipeg.com\/index.php\/wp-json\/wp\/v2\/comments?post=1428"}],"version-history":[{"count":0,"href":"https:\/\/radiopoloniawinnipeg.com\/index.php\/wp-json\/wp\/v2\/posts\/1428\/revisions"}],"wp:featuredmedia":[{"embeddable":true,"href":"https:\/\/radiopoloniawinnipeg.com\/index.php\/wp-json\/wp\/v2\/media\/1429"}],"wp:attachment":[{"href":"https:\/\/radiopoloniawinnipeg.com\/index.php\/wp-json\/wp\/v2\/media?parent=1428"}],"wp:term":[{"taxonomy":"category","embeddable":true,"href":"https:\/\/radiopoloniawinnipeg.com\/index.php\/wp-json\/wp\/v2\/categories?post=1428"},{"taxonomy":"post_tag","embeddable":true,"href":"https:\/\/radiopoloniawinnipeg.com\/index.php\/wp-json\/wp\/v2\/tags?post=1428"}],"curies":[{"name":"wp","href":"https:\/\/api.w.org\/{rel}","templated":true}]}}