{"id":1470,"date":"2025-05-25T08:30:04","date_gmt":"2025-05-25T12:30:04","guid":{"rendered":"https:\/\/radiopoloniawinnipeg.com\/index.php\/2025\/05\/25\/ogromna-awaria-energetyczna-we-francji-podejrzenie-sabotazu\/"},"modified":"2025-05-25T08:30:04","modified_gmt":"2025-05-25T12:30:04","slug":"ogromna-awaria-energetyczna-we-francji-podejrzenie-sabotazu","status":"publish","type":"post","link":"https:\/\/radiopoloniawinnipeg.com\/index.php\/2025\/05\/25\/ogromna-awaria-energetyczna-we-francji-podejrzenie-sabotazu\/","title":{"rendered":"Ogromna awaria energetyczna we Francji. Podejrzenie sabota\u017cu"},"content":{"rendered":"<p><img decoding=\"async\" loading=\"lazy\" class=\"aligncenter size-custom-full-size wp-image-212722\" src=\"https:\/\/bejsment.com\/wp-content\/uploads\/2025\/05\/aaawaria2-636x358.jpeg\" alt=\"\" width=\"636\" height=\"358\" \/><\/p>\n<p><strong>Oko\u0142o 160 tysi\u0119cy gospodarstw domowych w regionie Cannes zosta\u0142o dotkni\u0119tych powa\u017cn\u0105 awari\u0105 pr\u0105du, do kt\u00f3rej dosz\u0142o w sobot\u0119 w zachodniej cz\u0119\u015bci departamentu Alpy Nadmorskie. Jak poda\u0142a agencja AFP, lokalne s\u0142u\u017cby podejrzewaj\u0105 celowe uszkodzenie infrastruktury energetycznej. Przed godzin\u0105 18:00 zasilanie zosta\u0142o przywr\u00f3cone.<\/strong><\/p>\n<p>Wed\u0142ug operatora sieci RTE, dosz\u0142o do celowego uszkodzenia trzech z pi\u0119ciu podp\u00f3r linii wysokiego napi\u0119cia, zasilaj\u0105cej Cannes i okoliczne miejscowo\u015bci. W nocy z pi\u0105tku na sobot\u0119 wybuch\u0142 r\u00f3wnie\u017c po\u017car w pobli\u017cu jednej z podstacji transformatorowych \u2013 s\u0142u\u017cby nie wykluczaj\u0105, \u017ce ogie\u0144 zosta\u0142 pod\u0142o\u017cony. Prokuratura w Grasse wszcz\u0119\u0142a dwa \u015bledztwa w tej sprawie.<\/p>\n<p>Braki w dostawach energii spowodowa\u0142y chaos komunikacyjny \u2013 nie dzia\u0142a\u0142a m.in. sygnalizacja \u015bwietlna, a ruchem musia\u0142a kierowa\u0107 policja.<br \/>\n\u2013 \u015aledztwo musi ustali\u0107 dok\u0142adne okoliczno\u015bci tych zdarze\u0144 \u2013 poinformowa\u0142a lokalna \u017candarmeria w rozmowie z \u201eLe Parisien\u201d.<\/p>\n<h3><strong>Festiwal filmowy w Cannes bez zagro\u017cenia<\/strong><\/h3>\n<p>Organizatorzy s\u0142ynnego festiwalu filmowego w Cannes zapewnili, \u017ce awaria nie wp\u0142ynie na przebieg ceremonii zako\u0144czenia, zaplanowanej na sobotni wiecz\u00f3r. Rano dosz\u0142o do kr\u00f3tkiego zak\u0142\u00f3cenia podczas jednej z projekcji \u2013 seans wznowiono po 20 minutach. Dzi\u0119ki uruchomieniu systemu niezale\u017cnego zasilania wszystkie zaplanowane wydarzenia maj\u0105 si\u0119 odby\u0107 bez przeszk\u00f3d.<\/p>\n<p style=\"text-align: right\"><em>Na podst. AFP<\/em><\/p>\n","protected":false},"excerpt":{"rendered":"<p>Oko\u0142o 160 tysi\u0119cy gospodarstw domowych w regionie Cannes zosta\u0142o dotkni\u0119tych powa\u017cn\u0105 awari\u0105 pr\u0105du, do kt\u00f3rej dosz\u0142o w sobot\u0119 w zachodniej cz\u0119\u015bci departamentu Alpy Nadmorskie. Jak&hellip;<\/p>\n","protected":false},"author":3,"featured_media":1471,"comment_status":"open","ping_status":"open","sticky":false,"template":"","format":"standard","meta":{"footnotes":""},"categories":[15,18],"tags":[],"class_list":["post-1470","post","type-post","status-publish","format-standard","has-post-thumbnail","hentry","category-swiat","category-top-news"],"_links":{"self":[{"href":"https:\/\/radiopoloniawinnipeg.com\/index.php\/wp-json\/wp\/v2\/posts\/1470","targetHints":{"allow":["GET"]}}],"collection":[{"href":"https:\/\/radiopoloniawinnipeg.com\/index.php\/wp-json\/wp\/v2\/posts"}],"about":[{"href":"https:\/\/radiopoloniawinnipeg.com\/index.php\/wp-json\/wp\/v2\/types\/post"}],"author":[{"embeddable":true,"href":"https:\/\/radiopoloniawinnipeg.com\/index.php\/wp-json\/wp\/v2\/users\/3"}],"replies":[{"embeddable":true,"href":"https:\/\/radiopoloniawinnipeg.com\/index.php\/wp-json\/wp\/v2\/comments?post=1470"}],"version-history":[{"count":0,"href":"https:\/\/radiopoloniawinnipeg.com\/index.php\/wp-json\/wp\/v2\/posts\/1470\/revisions"}],"wp:featuredmedia":[{"embeddable":true,"href":"https:\/\/radiopoloniawinnipeg.com\/index.php\/wp-json\/wp\/v2\/media\/1471"}],"wp:attachment":[{"href":"https:\/\/radiopoloniawinnipeg.com\/index.php\/wp-json\/wp\/v2\/media?parent=1470"}],"wp:term":[{"taxonomy":"category","embeddable":true,"href":"https:\/\/radiopoloniawinnipeg.com\/index.php\/wp-json\/wp\/v2\/categories?post=1470"},{"taxonomy":"post_tag","embeddable":true,"href":"https:\/\/radiopoloniawinnipeg.com\/index.php\/wp-json\/wp\/v2\/tags?post=1470"}],"curies":[{"name":"wp","href":"https:\/\/api.w.org\/{rel}","templated":true}]}}