{"id":1476,"date":"2025-05-25T11:30:04","date_gmt":"2025-05-25T15:30:04","guid":{"rendered":"https:\/\/radiopoloniawinnipeg.com\/index.php\/2025\/05\/25\/wiecej-kar-mniej-gwarancji-liberalowie-zaostrzaja-kurs-wobec-przestepczosci\/"},"modified":"2025-05-25T11:30:04","modified_gmt":"2025-05-25T15:30:04","slug":"wiecej-kar-mniej-gwarancji-liberalowie-zaostrzaja-kurs-wobec-przestepczosci","status":"publish","type":"post","link":"https:\/\/radiopoloniawinnipeg.com\/index.php\/2025\/05\/25\/wiecej-kar-mniej-gwarancji-liberalowie-zaostrzaja-kurs-wobec-przestepczosci\/","title":{"rendered":"Wi\u0119cej kar, mniej gwarancji? Libera\u0142owie zaostrzaj\u0105 kurs wobec przest\u0119pczo\u015bci"},"content":{"rendered":"<div id=\"attachment_212692\" style=\"width: 646px\" class=\"wp-caption aligncenter\"><img decoding=\"async\" loading=\"lazy\" aria-describedby=\"caption-attachment-212692\" class=\"size-custom-full-size wp-image-212692\" src=\"https:\/\/bejsment.com\/wp-content\/uploads\/2025\/05\/aafraser-636x424.jpg\" alt=\"\" width=\"636\" height=\"424\" \/><\/p>\n<p id=\"caption-attachment-212692\" class=\"wp-caption-text\">Minister Sprawiedliwo\u015bci Sean Fraser<\/p>\n<\/div>\n<p><strong>Nowe przepisy maj\u0105 odpowiedzie\u0107 na spo\u0142eczne oczekiwania bezpiecze\u0144stwa, ale eksperci ostrzegaj\u0105: to mo\u017ce by\u0107 polityka, kt\u00f3ra dobrze wygl\u0105da w kampanii, ale niewiele zmienia w praktyce. R\u00f3wnowaga mi\u0119dzy kar\u0105 a sprawiedliwo\u015bci\u0105 zn\u00f3w staje pod znakiem zapytania.<\/strong><\/p>\n<p>Po wyborach, w kt\u00f3rych kwestia przest\u0119pczo\u015bci sta\u0142a si\u0119 jednym z g\u0142\u00f3wnych temat\u00f3w kampanii, nowy mniejszo\u015bciowy rz\u0105d Libera\u0142\u00f3w zapowiada szereg zmian w prawie karnym. Surowsze zasady zwolnie\u0144 za kaucj\u0105, nowe przest\u0119pstwa zwi\u0105zane z zastraszaniem i przemoc\u0105 oraz zaostrzenie kar dla recydywist\u00f3w \u2013 to tylko niekt\u00f3re z propozycji, kt\u00f3re maj\u0105 pokaza\u0107, \u017ce libera\u0142owie traktuj\u0105 bezpiecze\u0144stwo publiczne priorytetowo.<\/p>\n<p>Lisa Kerr, profesor prawa na Queen\u2019s University, podkre\u015bla, \u017ce propozycje rz\u0105du \u201eog\u00f3lnie zmierzaj\u0105 w kierunku zaostrzenia przepis\u00f3w, ale w spos\u00f3b bardziej ukierunkowany na powa\u017cniejsze przest\u0119pstwa\u201d. Jednocze\u015bnie zaznacza, \u017ce s\u0105dy nadal b\u0119d\u0105 mia\u0142y pewien zakres swobody w podejmowaniu decyzji.<\/p>\n<p>Nowe przepisy maj\u0105 utrudni\u0107 dost\u0119p do kaucji m.in. osobom oskar\u017conym o kradzie\u017ce samochod\u00f3w z u\u017cyciem przemocy, w\u0142amania oraz przest\u0119pstwa zwi\u0105zane z handlem lud\u017ami. Rz\u0105d zapowiedzia\u0142 te\u017c wprowadzenie tzw. odwr\u00f3conego ci\u0119\u017caru dowodu przy kaucjach \u2013 to oskar\u017cony, a nie prokurator, b\u0119dzie musia\u0142 udowodni\u0107, \u017ce zas\u0142uguje na zwolnienie. Kerr ocenia, \u017ce to odpowied\u017a na ostr\u0105 retoryk\u0119 kampanijn\u0105 wok\u00f3\u0142 systemu kaucji, ale zauwa\u017ca, \u017ce s\u0105dy ju\u017c dzi\u015b bior\u0105 pod uwag\u0119 kwestie bezpiecze\u0144stwa publicznego.<\/p>\n<p>Krytyczniej do planowanych zmian podchodzi adwokat Michael Spratt z Ottawy.<\/p>\n<p>\u2013 S\u0105dy ju\u017c teraz surowo traktuj\u0105 sprawc\u00f3w przemocy. Obiecywanie tego, co ju\u017c si\u0119 dzieje, jest tylko polityczn\u0105 gr\u0105 \u2013 stwierdza.<br \/>\nJako przyk\u0142ad wskazuje propozycj\u0119 zakazu posiadania broni dla os\u00f3b oskar\u017conych o przemoc \u2013 co, jego zdaniem, i tak ju\u017c jest praktykowane. Podkre\u015bla te\u017c, \u017ce w przeciwie\u0144stwie do konserwatywnego podej\u015bcia Pierre\u2019a Poilievre\u2019a, kt\u00f3ry zapowiada\u0142 wprowadzenie obowi\u0105zkowych kar do\u017cywocia i deklarowa\u0142 gotowo\u015b\u0107 u\u017cycia klauzuli derogacyjnej, dzia\u0142ania Libera\u0142\u00f3w s\u0105 mniej szkodliwe dla instytucji demokratycznych, cho\u0107 wci\u0105\u017c cz\u0119sto maj\u0105 charakter \u201eperformatywny\u201d.<\/p>\n<p>Poilievre, lider Konserwatyst\u00f3w, prowadzi\u0142 intensywn\u0105 kampani\u0119 przeciwko \u2013 jak to uj\u0105\u0142 \u2013 polityce \u201eprzytulania bandyt\u00f3w\u201d prowadzonej przez rz\u0105d Libera\u0142\u00f3w. Obiecywa\u0142 twarde \u015brodki, nawet je\u015bli by\u0142yby sprzeczne z Kart\u0105 Praw i Wolno\u015bci.<\/p>\n<p>Z kolei rz\u0105d Libera\u0142\u00f3w chce uzna\u0107 za przest\u0119pstwo m.in. zastraszanie i gro\u017aby wobec os\u00f3b w szko\u0142ach, \u015bwi\u0105tyniach i o\u015brodkach spo\u0142eczno\u015bciowych. To odpowied\u017a na zarzuty, \u017ce nie robi\u0105 wystarczaj\u0105co du\u017co, by chroni\u0107 m.in. spo\u0142eczno\u015b\u0107 \u017cydowsk\u0105 przed aktami nienawi\u015bci. W planach s\u0105 te\u017c przepisy dotycz\u0105ce karania za tworzenie i rozpowszechnianie deepfake\u2019\u00f3w o charakterze seksualnym.<\/p>\n<p>\u2013 To rozs\u0105dna odpowied\u017a na rozw\u00f3j technologii \u2013 m\u00f3wi Lisa Kerr.<br \/>\n\u2013 Wreszcie konieczna i pozytywna reforma \u2013 dodaje Spratt.<\/p>\n<p>Mimo wielu zapowiedzi, nie wiadomo jeszcze, kt\u00f3re z nich zostan\u0105 zrealizowane w pierwszej kolejno\u015bci. Premier Carney nie uwzgl\u0119dni\u0142 polityki karnej w li\u015bcie mandatowym dla ministr\u00f3w. Nowym ministrem sprawiedliwo\u015bci zosta\u0142 Sean Fraser, a Ruby Sahota obj\u0119\u0142a nowo utworzone stanowisko sekretarza stanu ds. zwalczania przest\u0119pczo\u015bci.<\/p>\n<p>\u2013 To tylko polityczny teatr \u2013 komentuje Spratt. \u2013 Mydlenie oczu, \u017ceby wygl\u0105da\u0142o, \u017ce rz\u0105d robi wi\u0119cej, ni\u017c w rzeczywisto\u015bci robi.<\/p>\n<p style=\"text-align: right\"><em>Na podst. Canadian Press<\/em><\/p>\n","protected":false},"excerpt":{"rendered":"<p>Minister Sprawiedliwo\u015bci Sean Fraser Nowe przepisy maj\u0105 odpowiedzie\u0107 na spo\u0142eczne oczekiwania bezpiecze\u0144stwa, ale eksperci ostrzegaj\u0105: to mo\u017ce by\u0107 polityka, kt\u00f3ra dobrze wygl\u0105da w kampanii, ale&hellip;<\/p>\n","protected":false},"author":3,"featured_media":1477,"comment_status":"open","ping_status":"open","sticky":false,"template":"","format":"standard","meta":{"footnotes":""},"categories":[12,18],"tags":[],"class_list":["post-1476","post","type-post","status-publish","format-standard","has-post-thumbnail","hentry","category-kanada","category-top-news"],"_links":{"self":[{"href":"https:\/\/radiopoloniawinnipeg.com\/index.php\/wp-json\/wp\/v2\/posts\/1476","targetHints":{"allow":["GET"]}}],"collection":[{"href":"https:\/\/radiopoloniawinnipeg.com\/index.php\/wp-json\/wp\/v2\/posts"}],"about":[{"href":"https:\/\/radiopoloniawinnipeg.com\/index.php\/wp-json\/wp\/v2\/types\/post"}],"author":[{"embeddable":true,"href":"https:\/\/radiopoloniawinnipeg.com\/index.php\/wp-json\/wp\/v2\/users\/3"}],"replies":[{"embeddable":true,"href":"https:\/\/radiopoloniawinnipeg.com\/index.php\/wp-json\/wp\/v2\/comments?post=1476"}],"version-history":[{"count":0,"href":"https:\/\/radiopoloniawinnipeg.com\/index.php\/wp-json\/wp\/v2\/posts\/1476\/revisions"}],"wp:featuredmedia":[{"embeddable":true,"href":"https:\/\/radiopoloniawinnipeg.com\/index.php\/wp-json\/wp\/v2\/media\/1477"}],"wp:attachment":[{"href":"https:\/\/radiopoloniawinnipeg.com\/index.php\/wp-json\/wp\/v2\/media?parent=1476"}],"wp:term":[{"taxonomy":"category","embeddable":true,"href":"https:\/\/radiopoloniawinnipeg.com\/index.php\/wp-json\/wp\/v2\/categories?post=1476"},{"taxonomy":"post_tag","embeddable":true,"href":"https:\/\/radiopoloniawinnipeg.com\/index.php\/wp-json\/wp\/v2\/tags?post=1476"}],"curies":[{"name":"wp","href":"https:\/\/api.w.org\/{rel}","templated":true}]}}