{"id":1492,"date":"2025-05-26T12:30:06","date_gmt":"2025-05-26T16:30:06","guid":{"rendered":"https:\/\/radiopoloniawinnipeg.com\/index.php\/2025\/05\/26\/brutalny-atak-izraela-w-strefie-gazy\/"},"modified":"2025-05-26T12:30:06","modified_gmt":"2025-05-26T16:30:06","slug":"brutalny-atak-izraela-w-strefie-gazy","status":"publish","type":"post","link":"https:\/\/radiopoloniawinnipeg.com\/index.php\/2025\/05\/26\/brutalny-atak-izraela-w-strefie-gazy\/","title":{"rendered":"Brutalny atak Izraela w Strefie Gazy"},"content":{"rendered":"<p><img decoding=\"async\" loading=\"lazy\" class=\"aligncenter size-custom-full-size wp-image-212814\" src=\"https:\/\/bejsment.com\/wp-content\/uploads\/2025\/05\/aagaza3-636x477.jpg\" alt=\"\" width=\"636\" height=\"477\" \/><\/p>\n<p><strong>Izraelskie si\u0142y zbrojne przeprowadzi\u0142y atak na budynek szkolny w p\u00f3\u0142nocno-zachodniej cz\u0119\u015bci miasta Gaza, kt\u00f3ry s\u0142u\u017cy\u0142 jako schronienie dla os\u00f3b przesiedlonych z innych cz\u0119\u015bci Strefy. Wed\u0142ug s\u0142u\u017cb medycznych Strefy Gazy zgin\u0119\u0142o co najmniej 25 os\u00f3b, a 55 zosta\u0142o rannych. W\u015br\u00f3d ofiar s\u0105 kobiety i dzieci.<\/strong><\/p>\n<p>Wed\u0142ug agencji Reutera, w czasie ca\u0142ej serii atak\u00f3w w Strefie Gazy, w tym r\u00f3wnie\u017c na inne cele, zgin\u0119\u0142o co najmniej 40 os\u00f3b. Jak informuje BBC, w ostrzale zgin\u0105\u0142 tak\u017ce Mohammad Al-Kasih \u2013 szef s\u0142u\u017cb dochodzeniowych Hamasu w p\u00f3\u0142nocnej cz\u0119\u015bci Strefy Gazy \u2013 a wraz z nim jego \u017cona i dzieci. Szko\u0142a, kt\u00f3ra zosta\u0142a trafiona, by\u0142a schronieniem dla setek os\u00f3b uciekaj\u0105cych z miasta Bajt Lahija, gdzie tocz\u0105 si\u0119 intensywne walki z si\u0142ami izraelskimi.<\/p>\n<h3><strong>Izrael kontynuuje ofensyw\u0119 w Gazie<\/strong><\/h3>\n<p>Izraelska armia nasili\u0142a dzia\u0142ania w Strefie Gazy na pocz\u0105tku maja, deklaruj\u0105c, \u017ce jej celem jest zniszczenie militarnego potencja\u0142u Hamasu oraz uwolnienie zak\u0142adnik\u00f3w porwanych podczas ataku tej organizacji z 7 pa\u017adziernika 2023 roku. W\u00f3wczas zgin\u0119\u0142o oko\u0142o 1200 os\u00f3b, a 251 zosta\u0142o uprowadzonych do Strefy.<\/p>\n<p>Pomimo rosn\u0105cej presji mi\u0119dzynarodowej, kt\u00f3ra wymusi\u0142a na w\u0142adzach izraelskich cz\u0119\u015bciowe zniesienie blokady pomocy humanitarnej, premier Benjamin Netanjahu zapowiedzia\u0142 w ubieg\u0142ym tygodniu, \u017ce Izrael zamierza kontrolowa\u0107 ca\u0142\u0105 Stref\u0119 Gazy. Obecnie, wed\u0142ug lokalnych w\u0142adz, izraelskie si\u0142y kontroluj\u0105 oko\u0142o 77 procent tego obszaru.<\/p>\n<h3><strong>Rosn\u0105ca brutalizacja konfliktu<\/strong><\/h3>\n<p>Wed\u0142ug palesty\u0144skiego Ministerstwa Zdrowia, w trwaj\u0105cej od 19 miesi\u0119cy ofensywie zgin\u0119\u0142o ponad 53 tysi\u0105ce Palesty\u0144czyk\u00f3w. Resort nie podaje jednak, ilu z nich by\u0142o bojownikami Hamasu.<\/p>\n<p>Z konfliktu nap\u0142ywaj\u0105 doniesienia o coraz brutalniejszych praktykach. Wed\u0142ug relacji z Gazy, izraelskie si\u0142y mia\u0142y wykorzystywa\u0107 pojmanych Palesty\u0144czyk\u00f3w jako \u017cywe tarcze \u2013 wysy\u0142aj\u0105c ich do przeszukiwania tuneli i zaminowanych budynk\u00f3w. Takie dzia\u0142ania, cho\u0107 nieoficjalne, odbywaj\u0105 si\u0119 \u2013 jak twierdz\u0105 lokalne \u017ar\u00f3d\u0142a \u2013 za milcz\u0105cym przyzwoleniem dow\u00f3dc\u00f3w. Ma to przyspieszy\u0107 dzia\u0142ania wojskowe i ograniczy\u0107 zu\u017cycie amunicji.<\/p>\n","protected":false},"excerpt":{"rendered":"<p>Izraelskie si\u0142y zbrojne przeprowadzi\u0142y atak na budynek szkolny w p\u00f3\u0142nocno-zachodniej cz\u0119\u015bci miasta Gaza, kt\u00f3ry s\u0142u\u017cy\u0142 jako schronienie dla os\u00f3b przesiedlonych z innych cz\u0119\u015bci Strefy. Wed\u0142ug&hellip;<\/p>\n","protected":false},"author":3,"featured_media":1493,"comment_status":"open","ping_status":"open","sticky":false,"template":"","format":"standard","meta":{"footnotes":""},"categories":[15,18],"tags":[],"class_list":["post-1492","post","type-post","status-publish","format-standard","has-post-thumbnail","hentry","category-swiat","category-top-news"],"_links":{"self":[{"href":"https:\/\/radiopoloniawinnipeg.com\/index.php\/wp-json\/wp\/v2\/posts\/1492","targetHints":{"allow":["GET"]}}],"collection":[{"href":"https:\/\/radiopoloniawinnipeg.com\/index.php\/wp-json\/wp\/v2\/posts"}],"about":[{"href":"https:\/\/radiopoloniawinnipeg.com\/index.php\/wp-json\/wp\/v2\/types\/post"}],"author":[{"embeddable":true,"href":"https:\/\/radiopoloniawinnipeg.com\/index.php\/wp-json\/wp\/v2\/users\/3"}],"replies":[{"embeddable":true,"href":"https:\/\/radiopoloniawinnipeg.com\/index.php\/wp-json\/wp\/v2\/comments?post=1492"}],"version-history":[{"count":0,"href":"https:\/\/radiopoloniawinnipeg.com\/index.php\/wp-json\/wp\/v2\/posts\/1492\/revisions"}],"wp:featuredmedia":[{"embeddable":true,"href":"https:\/\/radiopoloniawinnipeg.com\/index.php\/wp-json\/wp\/v2\/media\/1493"}],"wp:attachment":[{"href":"https:\/\/radiopoloniawinnipeg.com\/index.php\/wp-json\/wp\/v2\/media?parent=1492"}],"wp:term":[{"taxonomy":"category","embeddable":true,"href":"https:\/\/radiopoloniawinnipeg.com\/index.php\/wp-json\/wp\/v2\/categories?post=1492"},{"taxonomy":"post_tag","embeddable":true,"href":"https:\/\/radiopoloniawinnipeg.com\/index.php\/wp-json\/wp\/v2\/tags?post=1492"}],"curies":[{"name":"wp","href":"https:\/\/api.w.org\/{rel}","templated":true}]}}