{"id":1500,"date":"2025-05-26T18:15:07","date_gmt":"2025-05-26T22:15:07","guid":{"rendered":"https:\/\/radiopoloniawinnipeg.com\/index.php\/2025\/05\/26\/bmw-wjechalo-w-tlum-podczas-wyscigu\/"},"modified":"2025-05-26T18:15:07","modified_gmt":"2025-05-26T22:15:07","slug":"bmw-wjechalo-w-tlum-podczas-wyscigu","status":"publish","type":"post","link":"https:\/\/radiopoloniawinnipeg.com\/index.php\/2025\/05\/26\/bmw-wjechalo-w-tlum-podczas-wyscigu\/","title":{"rendered":"BMW wjecha\u0142o w t\u0142um podczas wy\u015bcigu"},"content":{"rendered":"<p><img decoding=\"async\" loading=\"lazy\" class=\"aligncenter size-custom-full-size wp-image-212798\" src=\"https:\/\/bejsment.com\/wp-content\/uploads\/2025\/05\/aabmw-636x358.png\" alt=\"\" width=\"636\" height=\"358\" \/><\/p>\n<p><strong>Do gro\u017anego wypadku dosz\u0142o w sobot\u0119 podczas wy\u015bcig\u00f3w na 1\/4 mili na lotnisku w Kro\u015bnie. Kierowca zielonego BMW straci\u0142 panowanie nad pojazdem i wjecha\u0142 w t\u0142um kibic\u00f3w. Poszkodowanych zosta\u0142o 18 os\u00f3b, w tym 14 trafi\u0142o do szpitala. Na miejscu l\u0105dowa\u0142y trzy \u015bmig\u0142owce Lotniczego Pogotowia Ratunkowego.<\/strong><\/p>\n<p>Do zdarzenia dosz\u0142o oko\u0142o godziny 12:30, podczas legalnych zawod\u00f3w motoryzacyjnych. W trakcie jednego z pojedynk\u00f3w, kr\u00f3tko po starcie, jedno z aut \u2013 zielone BMW \u2013 wpad\u0142o w po\u015blizg, zjecha\u0142o w prawo i przodem uderzy\u0142o w grup\u0119 widz\u00f3w stoj\u0105cych przy trasie.<\/p>\n<p>Pocz\u0105tkowo Komenda Wojew\u00f3dzka PSP w Rzeszowie informowa\u0142a o 17 osobach zaopatrzonych na miejscu, z kt\u00f3rych 13 przewieziono do szpitala. W p\u00f3\u017aniejszym komunikacie Komenda Miejska Policji w Kro\u015bnie skorygowa\u0142a te dane: poszkodowanych zosta\u0142o 18 os\u00f3b, a 14 wymaga\u0142o hospitalizacji.<\/p>\n<p>\u2013 Kierowca ma 27 lat, by\u0142 trze\u017awy. Pobrano mu r\u00f3wnie\u017c krew do bada\u0144 na obecno\u015b\u0107 innych substancji \u2013 przekaza\u0142 kom. Pawe\u0142 Buczy\u0144ski z kro\u015bnie\u0144skiej policji. Zastrzeg\u0142 te\u017c, \u017ce liczba poszkodowanych mo\u017ce si\u0119 zmieni\u0107, poniewa\u017c cz\u0119\u015b\u0107 os\u00f3b zg\u0142asza si\u0119 do lekarzy dopiero po powrocie do domu.<\/p>\n<p>W akcji ratowniczej bra\u0142o udzia\u0142 10 zast\u0119p\u00f3w stra\u017cy po\u017carnej, 11 zespo\u0142\u00f3w ratownictwa medycznego oraz trzy \u015bmig\u0142owce LPR.<\/p>\n<p>Policja bada okoliczno\u015bci wypadku.<\/p>\n<p>\u2013 Wst\u0119pne ustalenia wskazuj\u0105, \u017ce kierowca, bior\u0105cy udzia\u0142 w zawodach, straci\u0142 panowanie nad autem i wjecha\u0142 w kibic\u00f3w \u2013 potwierdzi\u0142 komisarz Buczy\u0144ski.<\/p>\n<p>W mediach spo\u0142eczno\u015bciowych pojawi\u0142o si\u0119 nagranie z momentu wypadku. Wida\u0107 na nim, jak dwa samochody ruszaj\u0105 r\u00f3wnolegle, po czym jeden z nich wpada w po\u015blizg i z du\u017c\u0105 pr\u0119dko\u015bci\u0105 uderza w ludzi zgromadzonych przy trasie.<\/p>\n<p style=\"text-align: right\"><em>Na podst. Polsat News<\/em><\/p>\n","protected":false},"excerpt":{"rendered":"<p>Do gro\u017anego wypadku dosz\u0142o w sobot\u0119 podczas wy\u015bcig\u00f3w na 1\/4 mili na lotnisku w Kro\u015bnie. Kierowca zielonego BMW straci\u0142 panowanie nad pojazdem i wjecha\u0142 w&hellip;<\/p>\n","protected":false},"author":3,"featured_media":1501,"comment_status":"open","ping_status":"open","sticky":false,"template":"","format":"standard","meta":{"footnotes":""},"categories":[14,18],"tags":[],"class_list":["post-1500","post","type-post","status-publish","format-standard","has-post-thumbnail","hentry","category-polska","category-top-news"],"_links":{"self":[{"href":"https:\/\/radiopoloniawinnipeg.com\/index.php\/wp-json\/wp\/v2\/posts\/1500","targetHints":{"allow":["GET"]}}],"collection":[{"href":"https:\/\/radiopoloniawinnipeg.com\/index.php\/wp-json\/wp\/v2\/posts"}],"about":[{"href":"https:\/\/radiopoloniawinnipeg.com\/index.php\/wp-json\/wp\/v2\/types\/post"}],"author":[{"embeddable":true,"href":"https:\/\/radiopoloniawinnipeg.com\/index.php\/wp-json\/wp\/v2\/users\/3"}],"replies":[{"embeddable":true,"href":"https:\/\/radiopoloniawinnipeg.com\/index.php\/wp-json\/wp\/v2\/comments?post=1500"}],"version-history":[{"count":0,"href":"https:\/\/radiopoloniawinnipeg.com\/index.php\/wp-json\/wp\/v2\/posts\/1500\/revisions"}],"wp:featuredmedia":[{"embeddable":true,"href":"https:\/\/radiopoloniawinnipeg.com\/index.php\/wp-json\/wp\/v2\/media\/1501"}],"wp:attachment":[{"href":"https:\/\/radiopoloniawinnipeg.com\/index.php\/wp-json\/wp\/v2\/media?parent=1500"}],"wp:term":[{"taxonomy":"category","embeddable":true,"href":"https:\/\/radiopoloniawinnipeg.com\/index.php\/wp-json\/wp\/v2\/categories?post=1500"},{"taxonomy":"post_tag","embeddable":true,"href":"https:\/\/radiopoloniawinnipeg.com\/index.php\/wp-json\/wp\/v2\/tags?post=1500"}],"curies":[{"name":"wp","href":"https:\/\/api.w.org\/{rel}","templated":true}]}}