{"id":1504,"date":"2025-05-27T03:45:03","date_gmt":"2025-05-27T07:45:03","guid":{"rendered":"https:\/\/radiopoloniawinnipeg.com\/index.php\/2025\/05\/27\/krol-karol-i-krolowa-camilla-juz-w-kanadzie\/"},"modified":"2025-05-27T03:45:03","modified_gmt":"2025-05-27T07:45:03","slug":"krol-karol-i-krolowa-camilla-juz-w-kanadzie","status":"publish","type":"post","link":"https:\/\/radiopoloniawinnipeg.com\/index.php\/2025\/05\/27\/krol-karol-i-krolowa-camilla-juz-w-kanadzie\/","title":{"rendered":"Kr\u00f3l Karol i kr\u00f3lowa Camilla ju\u017c w Kanadzie"},"content":{"rendered":"<p><img loading=\"lazy\" decoding=\"async\" class=\"aligncenter size-custom-full-size wp-image-212881\" src=\"https:\/\/bejsment.com\/wp-content\/uploads\/2025\/05\/aakarol4-636x424.jpg\" alt=\"\" width=\"636\" height=\"424\" \/><\/p>\n<p><strong>Kr\u00f3l Karol i kr\u00f3lowa Camilla wyl\u0105dowali w poniedzia\u0142ek w Ottawie, rozpoczynaj\u0105c swoj\u0105 pierwsz\u0105 wizyt\u0119 w Kanadzie od czasu koronacji monarchy dwa lata temu. Samolot kr\u00f3lewski dotar\u0142 do stolicy tu\u017c po godz. 13:00. Na lotnisku par\u0119 powitali premier Mark Carney oraz gubernator generalna Mary Simon. Obecni byli tak\u017ce \u017co\u0142nierze Royal Canadian Dragoons.<\/strong><\/p>\n<p>Pierwszym przystankiem by\u0142 Lansdowne Park, gdzie kr\u00f3l i kr\u00f3lowa wzi\u0119li udzia\u0142 w spotkaniu ze spo\u0142eczno\u015bci\u0105. W\u015br\u00f3d t\u0142umu rozlega\u0142y si\u0119 okrzyki: \u201eBo\u017ce, chro\u0144 kr\u00f3la!\u201d. Para spotka\u0142a si\u0119 z lokalnymi sprzedawcami i rzemie\u015blnikami, obejrza\u0142a wyst\u0119py kulturalne i uczestniczy\u0142a w meczu hokeja ulicznego z udzia\u0142em dzieci z African Hockey Association i l\u2019Association de hockey f\u00e9minin de la Vall\u00e9e de Gatineau. Symbolicznie, kr\u00f3l Karol wykona\u0142 pierwszy ruch \u2013 upuszczaj\u0105c kr\u0105\u017cek. W wydarzeniu uczestniczyli m.in. by\u0142y zawodnik Ottawa Senators Chris Phillips i mistrzyni olimpijska w pi\u0142ce no\u017cnej Desiree Scott.<\/p>\n<p>Nast\u0119pnie para uda\u0142a si\u0119 do Rideau Hall, gdzie wzi\u0119\u0142a udzia\u0142 w ceremonii sadzenia drzew. Premier Carney odda\u0142 kr\u00f3lowi pok\u0142on, po czym wymienili u\u015bcisk d\u0142oni i kr\u00f3tkie uprzejmo\u015bci. \u2013 To dla nas zaszczyt, \u017ce pan tu jest \u2013 powiedzia\u0142 Carney.<\/p>\n<h3><\/h3>\n<h3><strong>Historyczne przem\u00f3wienie tronowe<\/strong><\/h3>\n<p>We wtorek kr\u00f3l Karol odczyta mow\u0119 tronow\u0105, otwieraj\u0105c now\u0105 sesj\u0119 parlamentarn\u0105. B\u0119dzie to pierwsze takie wyst\u0105pienie g\u0142owy pa\u0144stwa w Kanadzie od 1977 roku, kiedy podobn\u0105 rol\u0119 pe\u0142ni\u0142a kr\u00f3lowa El\u017cbieta II.<\/p>\n<p>Premier Carney zapowiedzia\u0142, \u017ce przem\u00f3wienie przedstawi ambitny plan rz\u0105du: od redefinicji relacji z USA, przez wzmocnienie pozycji Kanady w G7, po walk\u0119 z kosztami \u017cycia i popraw\u0119 bezpiecze\u0144stwa lokalnych spo\u0142eczno\u015bci.<\/p>\n<p>\u2013 Ten historyczny zaszczyt jest adekwatny do wagi naszych czas\u00f3w \u2013 powiedzia\u0142 Carney. \u2013 Kanadyjczycy oczekuj\u0105 zdecydowanego dzia\u0142ania i zmian, na kt\u00f3re zas\u0142uguj\u0105.<\/p>\n<h3><strong>W cieniu napi\u0119\u0107 z Donaldem Trumpem<\/strong><\/h3>\n<p>Wizyta odbywa si\u0119 w kontek\u015bcie napi\u0119\u0107 dyplomatycznych \u2013 prezydent USA Donald Trump wielokrotnie powtarza\u0142, \u017ce Kanada powinna sta\u0107 si\u0119 51. stanem USA. Premier Carney zapewni\u0142 go podczas niedawnego spotkania, \u017ce Kanada pozostaje w pe\u0142ni suwerenna.<\/p>\n<p>Gubernator generalna Mary Simon podkre\u015bli\u0142a w oficjalnym o\u015bwiadczeniu, \u017ce obecno\u015b\u0107 kr\u00f3la i kr\u00f3lowej \u201ew tym prze\u0142omowym momencie\u201d ma g\u0142\u0119bokie znaczenie. \u2013 Rola Korony w Kanadzie to co\u015b wi\u0119cej ni\u017c symbol \u2013 to fundament naszych wolno\u015bci demokratycznych \u2013 zaznaczy\u0142a.<\/p>\n<h3><strong>Entuzjazm w\u015br\u00f3d rojalist\u00f3w<\/strong><\/h3>\n<p><img loading=\"lazy\" decoding=\"async\" class=\"aligncenter size-custom-full-size wp-image-212882\" src=\"https:\/\/bejsment.com\/wp-content\/uploads\/2025\/05\/aaroyalkfans-636x457.jpg\" alt=\"\" width=\"636\" height=\"457\" \/><\/p>\n<p>Obserwatorzy i mi\u0142o\u015bnicy rodziny kr\u00f3lewskiej z niecierpliwo\u015bci\u0105 czekali na kr\u00f3lewsk\u0105 par\u0119. \u2013 Kocham rodzin\u0119 kr\u00f3lewsk\u0105, to tradycja w naszej rodzinie \u2013 powiedzia\u0142a jedna z kobiet, kt\u00f3ra przylecia\u0142a do Ottawy z Edmonton. \u2013 Wstajemy na ka\u017cdy \u015blub, pogrzeb i uroczysto\u015b\u0107.<\/p>\n<p>\u2013 To symboliczna chwila \u2013 komentowa\u0142 reporter CityNews Mark McAllister. \u2013 Kr\u00f3l przemawiaj\u0105cy zamiast gubernatora generalnego to silne przes\u0142anie: Kanada jest niezale\u017cnym pa\u0144stwem z w\u0142asn\u0105 to\u017csamo\u015bci\u0105 i dziedzictwem.<\/p>\n<p style=\"text-align: right\"><em>Na podst. CityNews i Canadian Press<\/em><\/p>\n<p>This page imported from <a href=\"https:\/\/bejsment.com\/?p=212879\">Bejsment<\/a><\/p>\n","protected":false},"excerpt":{"rendered":"<p>Kr\u00f3l Karol i kr\u00f3lowa Camilla wyl\u0105dowali w poniedzia\u0142ek w Ottawie, rozpoczynaj\u0105c swoj\u0105 pierwsz\u0105 wizyt\u0119 w Kanadzie od czasu koronacji monarchy dwa lata temu. Samolot kr\u00f3lewski&hellip;<\/p>\n","protected":false},"author":3,"featured_media":1505,"comment_status":"open","ping_status":"open","sticky":false,"template":"","format":"standard","meta":{"footnotes":""},"categories":[12,18],"tags":[],"class_list":["post-1504","post","type-post","status-publish","format-standard","has-post-thumbnail","hentry","category-kanada","category-top-news"],"_links":{"self":[{"href":"https:\/\/radiopoloniawinnipeg.com\/index.php\/wp-json\/wp\/v2\/posts\/1504","targetHints":{"allow":["GET"]}}],"collection":[{"href":"https:\/\/radiopoloniawinnipeg.com\/index.php\/wp-json\/wp\/v2\/posts"}],"about":[{"href":"https:\/\/radiopoloniawinnipeg.com\/index.php\/wp-json\/wp\/v2\/types\/post"}],"author":[{"embeddable":true,"href":"https:\/\/radiopoloniawinnipeg.com\/index.php\/wp-json\/wp\/v2\/users\/3"}],"replies":[{"embeddable":true,"href":"https:\/\/radiopoloniawinnipeg.com\/index.php\/wp-json\/wp\/v2\/comments?post=1504"}],"version-history":[{"count":0,"href":"https:\/\/radiopoloniawinnipeg.com\/index.php\/wp-json\/wp\/v2\/posts\/1504\/revisions"}],"wp:featuredmedia":[{"embeddable":true,"href":"https:\/\/radiopoloniawinnipeg.com\/index.php\/wp-json\/wp\/v2\/media\/1505"}],"wp:attachment":[{"href":"https:\/\/radiopoloniawinnipeg.com\/index.php\/wp-json\/wp\/v2\/media?parent=1504"}],"wp:term":[{"taxonomy":"category","embeddable":true,"href":"https:\/\/radiopoloniawinnipeg.com\/index.php\/wp-json\/wp\/v2\/categories?post=1504"},{"taxonomy":"post_tag","embeddable":true,"href":"https:\/\/radiopoloniawinnipeg.com\/index.php\/wp-json\/wp\/v2\/tags?post=1504"}],"curies":[{"name":"wp","href":"https:\/\/api.w.org\/{rel}","templated":true}]}}