{"id":1530,"date":"2025-05-28T09:30:03","date_gmt":"2025-05-28T13:30:03","guid":{"rendered":"https:\/\/radiopoloniawinnipeg.com\/index.php\/2025\/05\/28\/krol-karol-przypomina-o-suwerennosci-kanady-i-ostrzega-przed-zagrozeniami\/"},"modified":"2025-05-28T09:30:03","modified_gmt":"2025-05-28T13:30:03","slug":"krol-karol-przypomina-o-suwerennosci-kanady-i-ostrzega-przed-zagrozeniami","status":"publish","type":"post","link":"https:\/\/radiopoloniawinnipeg.com\/index.php\/2025\/05\/28\/krol-karol-przypomina-o-suwerennosci-kanady-i-ostrzega-przed-zagrozeniami\/","title":{"rendered":"Kr\u00f3l Karol przypomina o suwerenno\u015bci Kanady i ostrzega przed zagro\u017ceniami"},"content":{"rendered":"<p><img decoding=\"async\" loading=\"lazy\" class=\"aligncenter size-custom-full-size wp-image-213001\" src=\"https:\/\/bejsment.com\/wp-content\/uploads\/2025\/05\/aamowa-636x358.jpg\" alt=\"\" width=\"636\" height=\"358\" \/><\/p>\n<p><strong>Mowa tronowa wyg\u0142oszona w Ottawie przez kr\u00f3la Karola sta\u0142a si\u0119 odpowiedzi\u0105 na ostatnie wypowiedzi Donalda Trumpa o aneksji Kanady. Kr\u00f3l przypomnia\u0142 o suwerenno\u015bci kraju, a rz\u0105d Carney\u2019a zapowiedzia\u0142 reformy gospodarcze, inwestycje w obronno\u015b\u0107 i ochron\u0119 kulturowej to\u017csamo\u015bci.<\/strong><\/p>\n<p>Cho\u0107 formalnie by\u0142 to ceremonialny akt, przygotowane przez rz\u0105d premiera Marka Carneya przem\u00f3wienie nabra\u0142o wyj\u0105tkowego ci\u0119\u017caru w kontek\u015bcie ostatnich prowokacyjnych wypowiedzi Donalda Trumpa.<\/p>\n<p>Karol rozpocz\u0105\u0142 i zako\u0144czy\u0142 swoje wyst\u0105pienie, odwo\u0142uj\u0105c si\u0119 do dziedzictwa swojej matki \u2013 kr\u00f3lowej El\u017cbiety II \u2013 oraz jej wieloletnich relacji z Kanad\u0105. Jednocze\u015bnie podkre\u015bli\u0142 odr\u0119bno\u015b\u0107 ustrojow\u0105, kulturow\u0105 i historyczn\u0105 kraju oraz determinacj\u0119 rz\u0105du do obrony jego interes\u00f3w \u2013 tak\u017ce wobec rosn\u0105cych nacisk\u00f3w ze strony po\u0142udniowego s\u0105siada.<\/p>\n<h3><strong>Dziedzictwo El\u017cbiety i to\u017csamo\u015b\u0107 Kanady<\/strong><\/h3>\n<p>Wspominaj\u0105c mow\u0119 tronow\u0105 El\u017cbiety II z 1957 roku, Karol przypomnia\u0142, \u017ce Kanada wy\u0142ania\u0142a si\u0119 wtedy jako si\u0142a pokoju i nowa pot\u0119ga gospodarcza. \u2013 Korona reprezentuje stabilno\u015b\u0107 i ci\u0105g\u0142o\u015b\u0107 \u2013 podkre\u015bli\u0142, dodaj\u0105c, \u017ce jego matka wierzy\u0142a, i\u017c \u201e\u017caden nar\u00f3d nie mo\u017ce \u017cy\u0107 sam w sobie\u201d.<\/p>\n<p>Przywo\u0142uj\u0105c s\u0142owa hymnu narodowego, zako\u0144czy\u0142: \u2013 Prawdziwa P\u00f3\u0142noc jest rzeczywi\u015bcie silna i wolna \u2013 co wywo\u0142a\u0142o burz\u0119 braw w Senacie.<\/p>\n<h3><strong>Wyzwania i zagro\u017cenia<\/strong><\/h3>\n<p>Monarcha m\u00f3wi\u0142 o nowych wyzwaniach, jakie stoj\u0105 dzi\u015b przed krajem \u2013 od globalnych napi\u0119\u0107 po destabilizacj\u0119 gospodarcz\u0105 i zmieniaj\u0105ce si\u0119 relacje handlowe. \u2013 Demokracja, pluralizm i wolno\u015b\u0107 to warto\u015bci, kt\u00f3rych Kanada b\u0119dzie broni\u0107 \u2013 zapewni\u0142 Karol.<\/p>\n<p>W przem\u00f3wieniu pad\u0142a te\u017c po\u015brednia odpowied\u017a na wypowiedzi Trumpa o mo\u017cliwej aneksji Kanady i gro\u017abach wojny handlowej. Podkre\u015blono, \u017ce Kanada jest gotowa budowa\u0107 koalicj\u0119 kraj\u00f3w, kt\u00f3re wierz\u0105 w wolny handel, wsp\u00f3\u0142prac\u0119 i demokracj\u0119.<\/p>\n<h3><strong>Gotowo\u015b\u0107 do dzia\u0142ania<\/strong><\/h3>\n<p>Kr\u00f3l odczyta\u0142 zapowiedzi rz\u0105du dotycz\u0105ce pog\u0142\u0119bienia relacji handlowych z partnerami spoza USA oraz inwestycji w obronno\u015b\u0107. W czerwcu Kanada ma przewodniczy\u0107 szczytowi G7, a tak\u017ce do\u0142\u0105czy\u0107 do inicjatywy \u201eReArm Europe\u201d, wzmacniaj\u0105c przemys\u0142 zbrojeniowy i bezpiecze\u0144stwo transatlantyckie.<\/p>\n<p>W mowie zaznaczono r\u00f3wnie\u017c konieczno\u015b\u0107 modernizacji Kanadyjskich Si\u0142 Zbrojnych i redefinicji wsp\u00f3\u0142pracy z USA w dziedzinie bezpiecze\u0144stwa.<\/p>\n<h3><strong>Francusko\u015b\u0107, rdzenno\u015b\u0107 i r\u00f3\u017cnorodno\u015b\u0107<\/strong><\/h3>\n<p>W odpowiedzi na ameryka\u0144sk\u0105 narracj\u0119 o \u201esztuczno\u015bci\u201d granicy p\u00f3\u0142nocnej, kr\u00f3l podkre\u015bli\u0142 znaczenie j\u0119zyka francuskiego i kultury Quebecu jako fundamentu kanadyjskiej to\u017csamo\u015bci. Zaznaczy\u0142 r\u00f3wnie\u017c rol\u0119 rdzennej ludno\u015bci w kszta\u0142towaniu nowoczesnej Kanady i wyrazi\u0142 nadziej\u0119 na dalszy post\u0119p w procesie pojednania.<\/p>\n<p>Rz\u0105d zadeklarowa\u0142 tak\u017ce wsparcie dla kultury, m.in. poprzez wzmocnienie publicznego nadawcy CBC\/Radio-Canada.<\/p>\n<h3><strong>Realizacja obietnic<\/strong><\/h3>\n<p>Jak ka\u017cda mowa tronowa, r\u00f3wnie\u017c ta wskaza\u0142a priorytety legislacyjne na now\u0105 sesj\u0119 parlamentarn\u0105. W\u015br\u00f3d zapowiedzi znalaz\u0142y si\u0119 m.in.:<\/p>\n<ul>\n<li>obni\u017cki podatk\u00f3w i op\u0142at przy zakupie mieszka\u0144 do 1 mln dol.,<\/li>\n<li>zniesienie federalnych barier w handlu wewn\u0119trznym do 1 lipca,<\/li>\n<li>skr\u00f3cenie procesu zatwierdzania projekt\u00f3w zasob\u00f3w naturalnych do 2 lat,<\/li>\n<li>rozw\u00f3j prefabrykowanego budownictwa mieszkaniowego,<\/li>\n<li>reforma systemu kaucji oraz zwi\u0119kszenie bezpiecze\u0144stwa granic,<\/li>\n<li>tworzenie nowych park\u00f3w narodowych i ochrona m\u00f3rz,<\/li>\n<li>ograniczenie imigracji i program\u00f3w pracy tymczasowej.<\/li>\n<\/ul>\n<p style=\"text-align: right\"><em>Na podst. CBC<\/em><\/p>\n","protected":false},"excerpt":{"rendered":"<p>Mowa tronowa wyg\u0142oszona w Ottawie przez kr\u00f3la Karola sta\u0142a si\u0119 odpowiedzi\u0105 na ostatnie wypowiedzi Donalda Trumpa o aneksji Kanady. Kr\u00f3l przypomnia\u0142 o suwerenno\u015bci kraju, a&hellip;<\/p>\n","protected":false},"author":3,"featured_media":1531,"comment_status":"open","ping_status":"open","sticky":false,"template":"","format":"standard","meta":{"footnotes":""},"categories":[12,18],"tags":[],"class_list":["post-1530","post","type-post","status-publish","format-standard","has-post-thumbnail","hentry","category-kanada","category-top-news"],"_links":{"self":[{"href":"https:\/\/radiopoloniawinnipeg.com\/index.php\/wp-json\/wp\/v2\/posts\/1530","targetHints":{"allow":["GET"]}}],"collection":[{"href":"https:\/\/radiopoloniawinnipeg.com\/index.php\/wp-json\/wp\/v2\/posts"}],"about":[{"href":"https:\/\/radiopoloniawinnipeg.com\/index.php\/wp-json\/wp\/v2\/types\/post"}],"author":[{"embeddable":true,"href":"https:\/\/radiopoloniawinnipeg.com\/index.php\/wp-json\/wp\/v2\/users\/3"}],"replies":[{"embeddable":true,"href":"https:\/\/radiopoloniawinnipeg.com\/index.php\/wp-json\/wp\/v2\/comments?post=1530"}],"version-history":[{"count":0,"href":"https:\/\/radiopoloniawinnipeg.com\/index.php\/wp-json\/wp\/v2\/posts\/1530\/revisions"}],"wp:featuredmedia":[{"embeddable":true,"href":"https:\/\/radiopoloniawinnipeg.com\/index.php\/wp-json\/wp\/v2\/media\/1531"}],"wp:attachment":[{"href":"https:\/\/radiopoloniawinnipeg.com\/index.php\/wp-json\/wp\/v2\/media?parent=1530"}],"wp:term":[{"taxonomy":"category","embeddable":true,"href":"https:\/\/radiopoloniawinnipeg.com\/index.php\/wp-json\/wp\/v2\/categories?post=1530"},{"taxonomy":"post_tag","embeddable":true,"href":"https:\/\/radiopoloniawinnipeg.com\/index.php\/wp-json\/wp\/v2\/tags?post=1530"}],"curies":[{"name":"wp","href":"https:\/\/api.w.org\/{rel}","templated":true}]}}