{"id":1532,"date":"2025-05-28T10:30:05","date_gmt":"2025-05-28T14:30:05","guid":{"rendered":"https:\/\/radiopoloniawinnipeg.com\/index.php\/2025\/05\/28\/zaskakujace-twierdzenie-trzaskowskiego-o-polskiej-historii\/"},"modified":"2025-05-28T10:30:05","modified_gmt":"2025-05-28T14:30:05","slug":"zaskakujace-twierdzenie-trzaskowskiego-o-polskiej-historii","status":"publish","type":"post","link":"https:\/\/radiopoloniawinnipeg.com\/index.php\/2025\/05\/28\/zaskakujace-twierdzenie-trzaskowskiego-o-polskiej-historii\/","title":{"rendered":"Zaskakuj\u0105ce twierdzenie Trzaskowskiego o polskiej historii"},"content":{"rendered":"<p><img decoding=\"async\" loading=\"lazy\" class=\"aligncenter size-custom-full-size wp-image-213005\" src=\"https:\/\/bejsment.com\/wp-content\/uploads\/2025\/05\/aatrzask2-636x424.jpg\" alt=\"\" width=\"636\" height=\"424\" \/><\/p>\n<p><strong>Rafa\u0142 Trzaskowski, kandydat Koalicji Obywatelskiej w wyborach prezydenckich, wyst\u0105pi\u0142 w \u015brod\u0119 na wiecu w Kluczborku, gdzie zaprezentowa\u0142 swoj\u0105 wizj\u0119 Polski i bezpo\u015brednio zaatakowa\u0142 swojego konkurenta Karola Nawrockiego. Jego s\u0142owa o \u201enajsilniejszym momencie w historii Rzeczypospolitej\u201d odbi\u0142y si\u0119 szerokim echem.<\/strong><\/p>\n<p>\u2013 Czas jest wyj\u0105tkowy, bo nigdy nie byli\u015bmy tak silni w naszej historii. <strong>Nigdy nie byli\u015bmy tak powa\u017cani i respektowani<\/strong> \u2013 m\u00f3wi\u0142 Trzaskowski. \u2013 I o tym s\u0105 te wybory \u2013 czy b\u0119dziemy mogli dalej realizowa\u0107 nasze marzenia i aspiracje.<\/p>\n<p>W przem\u00f3wieniu dominowa\u0142 w\u0105tek wsp\u00f3lnoty i solidarno\u015bci spo\u0142ecznej. Kandydat KO przekonywa\u0142, \u017ce prezydentura powinna by\u0107 s\u0142u\u017cb\u0105 dla wszystkich obywateli \u2013 w szczeg\u00f3lno\u015bci tych, kt\u00f3rzy w ostatnich latach byli marginalizowani.<\/p>\n<p>\u2013 Rol\u0105 polityka jest pomaga\u0107 wszystkim tym, kt\u00f3rzy tej pomocy potrzebuj\u0105. A przez ostatnie osiem lat atakowani byli nauczyciele, lekarze, osoby z niepe\u0142nosprawno\u015bciami, kobiety i mniejszo\u015bci seksualne. Tamta w\u0142adza bra\u0142a ich na celownik \u2013 m\u00f3wi\u0142.<\/p>\n<p>Trzaskowski zadeklarowa\u0142, \u017ce jako g\u0142owa pa\u0144stwa b\u0119dzie uczciwy, przyzwoity i bezinteresowny. \u2013 B\u0119d\u0119 pomaga\u0142 tym, kt\u00f3rzy pomocy potrzebuj\u0105 i nie b\u0119d\u0119 przeszkadza\u0142 tym, kt\u00f3rzy sobie radz\u0105 \u2013 zapewni\u0142.<\/p>\n<p>Odwo\u0142a\u0142 si\u0119 te\u017c do swojego do\u015bwiadczenia jako prezydent Warszawy. \u2013 Potrzebujemy prezydenta, kt\u00f3ry zna pa\u0144stwo i ludzi, kt\u00f3ry potrafi zarz\u0105dza\u0107. A nie kogo\u015b, kto nie poradzi\u0142 sobie nawet z prowadzeniem niewielkiej instytucji czy kilku pokoj\u00f3w hotelowych \u2013 powiedzia\u0142, wyra\u017anie odnosz\u0105c si\u0119 do swojego rywala.<\/p>\n<p style=\"text-align: left\">W tym samym czasie sztab Karola Nawrockiego opublikowa\u0142 specjaln\u0105 odezw\u0119, w kt\u00f3rej apeluje o mobilizacj\u0119 wszystkich wyborc\u00f3w prawicy. Oba sztaby intensyfikuj\u0105 dzia\u0142ania, by pozyska\u0107 g\u0142osy os\u00f3b, kt\u00f3re nie g\u0142osowa\u0142y w pierwszej turze, oraz elektoratu kandydat\u00f3w wyeliminowanych z wy\u015bcigu.<\/p>\n<p style=\"text-align: right\"><em>Na podst. i.Pl<\/em><\/p>\n","protected":false},"excerpt":{"rendered":"<p>Rafa\u0142 Trzaskowski, kandydat Koalicji Obywatelskiej w wyborach prezydenckich, wyst\u0105pi\u0142 w \u015brod\u0119 na wiecu w Kluczborku, gdzie zaprezentowa\u0142 swoj\u0105 wizj\u0119 Polski i bezpo\u015brednio zaatakowa\u0142 swojego konkurenta&hellip;<\/p>\n","protected":false},"author":3,"featured_media":1533,"comment_status":"open","ping_status":"open","sticky":false,"template":"","format":"standard","meta":{"footnotes":""},"categories":[14,18],"tags":[],"class_list":["post-1532","post","type-post","status-publish","format-standard","has-post-thumbnail","hentry","category-polska","category-top-news"],"_links":{"self":[{"href":"https:\/\/radiopoloniawinnipeg.com\/index.php\/wp-json\/wp\/v2\/posts\/1532","targetHints":{"allow":["GET"]}}],"collection":[{"href":"https:\/\/radiopoloniawinnipeg.com\/index.php\/wp-json\/wp\/v2\/posts"}],"about":[{"href":"https:\/\/radiopoloniawinnipeg.com\/index.php\/wp-json\/wp\/v2\/types\/post"}],"author":[{"embeddable":true,"href":"https:\/\/radiopoloniawinnipeg.com\/index.php\/wp-json\/wp\/v2\/users\/3"}],"replies":[{"embeddable":true,"href":"https:\/\/radiopoloniawinnipeg.com\/index.php\/wp-json\/wp\/v2\/comments?post=1532"}],"version-history":[{"count":0,"href":"https:\/\/radiopoloniawinnipeg.com\/index.php\/wp-json\/wp\/v2\/posts\/1532\/revisions"}],"wp:featuredmedia":[{"embeddable":true,"href":"https:\/\/radiopoloniawinnipeg.com\/index.php\/wp-json\/wp\/v2\/media\/1533"}],"wp:attachment":[{"href":"https:\/\/radiopoloniawinnipeg.com\/index.php\/wp-json\/wp\/v2\/media?parent=1532"}],"wp:term":[{"taxonomy":"category","embeddable":true,"href":"https:\/\/radiopoloniawinnipeg.com\/index.php\/wp-json\/wp\/v2\/categories?post=1532"},{"taxonomy":"post_tag","embeddable":true,"href":"https:\/\/radiopoloniawinnipeg.com\/index.php\/wp-json\/wp\/v2\/tags?post=1532"}],"curies":[{"name":"wp","href":"https:\/\/api.w.org\/{rel}","templated":true}]}}