{"id":1554,"date":"2025-05-29T08:30:07","date_gmt":"2025-05-29T12:30:07","guid":{"rendered":"https:\/\/radiopoloniawinnipeg.com\/index.php\/2025\/05\/29\/elon-musk-odchodzi-z-administracji-trumpa\/"},"modified":"2025-05-29T08:30:07","modified_gmt":"2025-05-29T12:30:07","slug":"elon-musk-odchodzi-z-administracji-trumpa","status":"publish","type":"post","link":"https:\/\/radiopoloniawinnipeg.com\/index.php\/2025\/05\/29\/elon-musk-odchodzi-z-administracji-trumpa\/","title":{"rendered":"Elon Musk odchodzi z administracji Trumpa"},"content":{"rendered":"<p><img decoding=\"async\" loading=\"lazy\" class=\"aligncenter size-custom-full-size wp-image-213174\" src=\"https:\/\/bejsment.com\/wp-content\/uploads\/2025\/05\/aamusk2-636x436.jpg\" alt=\"\" width=\"636\" height=\"436\" \/><\/p>\n<p><strong>Elon Musk og\u0142osi\u0142 zako\u0144czenie pracy w administracji Donalda Trumpa, gdzie kierowa\u0142 Departamentem ds. Efektywno\u015bci Rz\u0105du (DOGE). Mimo ambitnych plan\u00f3w ograniczenia wydatk\u00f3w federalnych, projekt nie przyni\u00f3s\u0142 oczekiwanych rezultat\u00f3w.<\/strong><\/p>\n<p>Za po\u015brednictwem platformy X Elon Musk poinformowa\u0142 o rezygnacji z funkcji szefa Departamentu ds. Efektywno\u015bci Rz\u0105du (DOGE), powo\u0142anego specjalnie z jego inicjatywy przez administracj\u0119 Donalda Trumpa. Celem DOGE by\u0142o zredukowanie biurokracji i wprowadzenie oszcz\u0119dno\u015bci w wydatkach federalnych, kt\u00f3re Musk szacowa\u0142 na nawet 2 biliony dolar\u00f3w.<\/p>\n<blockquote class=\"twitter-tweet\" data-width=\"550\" data-dnt=\"true\">\n<p lang=\"en\" dir=\"ltr\">As my scheduled time as a Special Government Employee comes to an end, I would like to thank President <a href=\"https:\/\/twitter.com\/realDonaldTrump?ref_src=twsrc%5Etfw\">@realDonaldTrump<\/a> for the opportunity to reduce wasteful spending. <\/p>\n<p>The <a href=\"https:\/\/twitter.com\/DOGE?ref_src=twsrc%5Etfw\">@DOGE<\/a> mission will only strengthen over time as it becomes a way of life throughout the government.<\/p>\n<p>&mdash; Elon Musk (@elonmusk) <a href=\"https:\/\/twitter.com\/elonmusk\/status\/1927877957852266518?ref_src=twsrc%5Etfw\">May 29, 2025<\/a><\/p>\n<\/blockquote>\n<p>Ostateczny bilans to oko\u0142o 150 miliard\u00f3w dolar\u00f3w oszcz\u0119dno\u015bci \u2014 wynik, kt\u00f3ry cho\u0107 znacz\u0105cy, nie spe\u0142ni\u0142 ambitnych zapowiedzi. W rozmowie z CBS Musk przyzna\u0142, \u017ce praca w administracji okaza\u0142a si\u0119 znacznie trudniejsza ni\u017c zak\u0142ada\u0142.<\/p>\n<p>\u2014 <em>To, co dzia\u0142a w prywatnym biznesie, niekoniecznie sprawdza si\u0119 w Waszyngtonie. Zmiany s\u0105 tu bolesne i bardzo powolne<\/em> \u2014 stwierdzi\u0142 Musk, wskazuj\u0105c na biurokratyczne przeszkody i brak politycznej woli jako g\u0142\u00f3wne przyczyny niepowodzenia.<\/p>\n<p>Decyzj\u0119 o odej\u015bciu Musk og\u0142osi\u0142 dzie\u0144 po publicznej krytyce nowej ustawy bud\u017cetowej, forsowanej przez administracj\u0119 Trumpa. Okre\u015bli\u0142 j\u0105 jako \u201epozbawion\u0105 sensu\u201d i nieefektywn\u0105, twierdz\u0105c, \u017ce proponowane rozwi\u0105zania tylko pog\u0142\u0119bi\u0105 problem nadmiernych wydatk\u00f3w publicznych.<\/p>\n<p>Mimo rezygnacji Musk nie wycofuje si\u0119 z idei reformy administracji. Wyrazi\u0142 nadziej\u0119, \u017ce jego nast\u0119pcy w DOGE b\u0119d\u0105 kontynuowa\u0107 zmiany i zrealizuj\u0105 cho\u0107 cz\u0119\u015b\u0107 jego pierwotnej wizji. Sam miliarder zamierza wr\u00f3ci\u0107 do pe\u0142nego zaanga\u017cowania w kierowanie swoimi firmami, m.in. SpaceX i Tesl\u0105.<\/p>\n<p style=\"text-align: right\"><em>Na podst. AP<\/em><\/p>\n","protected":false},"excerpt":{"rendered":"<p>Elon Musk og\u0142osi\u0142 zako\u0144czenie pracy w administracji Donalda Trumpa, gdzie kierowa\u0142 Departamentem ds. Efektywno\u015bci Rz\u0105du (DOGE). Mimo ambitnych plan\u00f3w ograniczenia wydatk\u00f3w federalnych, projekt nie przyni\u00f3s\u0142&hellip;<\/p>\n","protected":false},"author":3,"featured_media":1555,"comment_status":"open","ping_status":"open","sticky":false,"template":"","format":"standard","meta":{"footnotes":""},"categories":[15,18],"tags":[],"class_list":["post-1554","post","type-post","status-publish","format-standard","has-post-thumbnail","hentry","category-swiat","category-top-news"],"_links":{"self":[{"href":"https:\/\/radiopoloniawinnipeg.com\/index.php\/wp-json\/wp\/v2\/posts\/1554","targetHints":{"allow":["GET"]}}],"collection":[{"href":"https:\/\/radiopoloniawinnipeg.com\/index.php\/wp-json\/wp\/v2\/posts"}],"about":[{"href":"https:\/\/radiopoloniawinnipeg.com\/index.php\/wp-json\/wp\/v2\/types\/post"}],"author":[{"embeddable":true,"href":"https:\/\/radiopoloniawinnipeg.com\/index.php\/wp-json\/wp\/v2\/users\/3"}],"replies":[{"embeddable":true,"href":"https:\/\/radiopoloniawinnipeg.com\/index.php\/wp-json\/wp\/v2\/comments?post=1554"}],"version-history":[{"count":0,"href":"https:\/\/radiopoloniawinnipeg.com\/index.php\/wp-json\/wp\/v2\/posts\/1554\/revisions"}],"wp:featuredmedia":[{"embeddable":true,"href":"https:\/\/radiopoloniawinnipeg.com\/index.php\/wp-json\/wp\/v2\/media\/1555"}],"wp:attachment":[{"href":"https:\/\/radiopoloniawinnipeg.com\/index.php\/wp-json\/wp\/v2\/media?parent=1554"}],"wp:term":[{"taxonomy":"category","embeddable":true,"href":"https:\/\/radiopoloniawinnipeg.com\/index.php\/wp-json\/wp\/v2\/categories?post=1554"},{"taxonomy":"post_tag","embeddable":true,"href":"https:\/\/radiopoloniawinnipeg.com\/index.php\/wp-json\/wp\/v2\/tags?post=1554"}],"curies":[{"name":"wp","href":"https:\/\/api.w.org\/{rel}","templated":true}]}}