{"id":1558,"date":"2025-05-29T11:30:04","date_gmt":"2025-05-29T15:30:04","guid":{"rendered":"https:\/\/radiopoloniawinnipeg.com\/index.php\/2025\/05\/29\/aresztowania-podczas-protestu-przeciwko-targom-broni-w-ottawie\/"},"modified":"2025-05-29T11:30:04","modified_gmt":"2025-05-29T15:30:04","slug":"aresztowania-podczas-protestu-przeciwko-targom-broni-w-ottawie","status":"publish","type":"post","link":"https:\/\/radiopoloniawinnipeg.com\/index.php\/2025\/05\/29\/aresztowania-podczas-protestu-przeciwko-targom-broni-w-ottawie\/","title":{"rendered":"Aresztowania podczas protestu przeciwko targom broni w Ottawie"},"content":{"rendered":"<p><img decoding=\"async\" loading=\"lazy\" class=\"aligncenter size-custom-full-size wp-image-213126\" src=\"https:\/\/bejsment.com\/wp-content\/uploads\/2025\/05\/aaprotest2-636x358.jpg\" alt=\"\" width=\"636\" height=\"358\" \/><\/p>\n<p><strong>Policja w Ottawie aresztowa\u0142a 13 os\u00f3b podczas protestu przeciwko targom zbrojeniowym CANSEC. Zarzuty dotycz\u0105 zak\u0142\u00f3cania porz\u0105dku oraz napa\u015bci na funkcjonariuszy.<\/strong><\/p>\n<p>W \u015brod\u0119 policja w Ottawie poinformowa\u0142a o zatrzymaniu 13 os\u00f3b w zwi\u0105zku z protestem przeciwko targom CANSEC, kt\u00f3re odbywa\u0142y si\u0119 w pobli\u017cu lotniska miejskiego. Dwunastu demonstrant\u00f3w aresztowano przed miejscem wydarzenia, a jedn\u0105 osob\u0119 \u2014 przed siedzib\u0105 policji w centrum miasta.<\/p>\n<p>Funkcjonariusze podali, \u017ce protestuj\u0105cy mieli przy sobie butelki z farb\u0105, kt\u00f3rymi, jak przypuszczaj\u0105, planowali zaatakowa\u0107 policjant\u00f3w. W trakcie incydent\u00f3w jeden z uczestnik\u00f3w konferencji dozna\u0142 lekkich obra\u017ce\u0144 w wyniku napa\u015bci w pobli\u017cu budynku targowego.<\/p>\n<p>Wed\u0142ug danych policji, w tegorocznym prote\u015bcie wzi\u0119\u0142o udzia\u0142 oko\u0142o 100 os\u00f3b. Cz\u0119\u015b\u0107 z nich wesz\u0142a na jezdni\u0119, blokuj\u0105c nadje\u017cd\u017caj\u0105cy ruch.<\/p>\n<p>Demonstracje przed CANSEC organizowane s\u0105 co roku przez \u015brodowiska antywojenne, kt\u00f3re sprzeciwiaj\u0105 si\u0119 sprzeda\u017cy broni i sprz\u0119tu wojskowego. W ubieg\u0142ym roku zatrzymano dziewi\u0119\u0107 os\u00f3b.<\/p>\n<p style=\"text-align: right\"><em>Na podst. Canadian Press<\/em><\/p>\n","protected":false},"excerpt":{"rendered":"<p>Policja w Ottawie aresztowa\u0142a 13 os\u00f3b podczas protestu przeciwko targom zbrojeniowym CANSEC. Zarzuty dotycz\u0105 zak\u0142\u00f3cania porz\u0105dku oraz napa\u015bci na funkcjonariuszy. W \u015brod\u0119 policja w Ottawie&hellip;<\/p>\n","protected":false},"author":3,"featured_media":1559,"comment_status":"open","ping_status":"open","sticky":false,"template":"","format":"standard","meta":{"footnotes":""},"categories":[12,18],"tags":[],"class_list":["post-1558","post","type-post","status-publish","format-standard","has-post-thumbnail","hentry","category-kanada","category-top-news"],"_links":{"self":[{"href":"https:\/\/radiopoloniawinnipeg.com\/index.php\/wp-json\/wp\/v2\/posts\/1558","targetHints":{"allow":["GET"]}}],"collection":[{"href":"https:\/\/radiopoloniawinnipeg.com\/index.php\/wp-json\/wp\/v2\/posts"}],"about":[{"href":"https:\/\/radiopoloniawinnipeg.com\/index.php\/wp-json\/wp\/v2\/types\/post"}],"author":[{"embeddable":true,"href":"https:\/\/radiopoloniawinnipeg.com\/index.php\/wp-json\/wp\/v2\/users\/3"}],"replies":[{"embeddable":true,"href":"https:\/\/radiopoloniawinnipeg.com\/index.php\/wp-json\/wp\/v2\/comments?post=1558"}],"version-history":[{"count":0,"href":"https:\/\/radiopoloniawinnipeg.com\/index.php\/wp-json\/wp\/v2\/posts\/1558\/revisions"}],"wp:featuredmedia":[{"embeddable":true,"href":"https:\/\/radiopoloniawinnipeg.com\/index.php\/wp-json\/wp\/v2\/media\/1559"}],"wp:attachment":[{"href":"https:\/\/radiopoloniawinnipeg.com\/index.php\/wp-json\/wp\/v2\/media?parent=1558"}],"wp:term":[{"taxonomy":"category","embeddable":true,"href":"https:\/\/radiopoloniawinnipeg.com\/index.php\/wp-json\/wp\/v2\/categories?post=1558"},{"taxonomy":"post_tag","embeddable":true,"href":"https:\/\/radiopoloniawinnipeg.com\/index.php\/wp-json\/wp\/v2\/tags?post=1558"}],"curies":[{"name":"wp","href":"https:\/\/api.w.org\/{rel}","templated":true}]}}