{"id":1562,"date":"2025-05-29T13:30:03","date_gmt":"2025-05-29T17:30:03","guid":{"rendered":"https:\/\/radiopoloniawinnipeg.com\/index.php\/2025\/05\/29\/poilievre-obserwuje-debate-z-galerii-scheer-tymczasowo-przewodzi-opozycji\/"},"modified":"2025-05-29T13:30:03","modified_gmt":"2025-05-29T17:30:03","slug":"poilievre-obserwuje-debate-z-galerii-scheer-tymczasowo-przewodzi-opozycji","status":"publish","type":"post","link":"https:\/\/radiopoloniawinnipeg.com\/index.php\/2025\/05\/29\/poilievre-obserwuje-debate-z-galerii-scheer-tymczasowo-przewodzi-opozycji\/","title":{"rendered":"Poilievre obserwuje debat\u0119 z galerii. Scheer tymczasowo przewodzi opozycji"},"content":{"rendered":"<div id=\"attachment_213132\" style=\"width: 646px\" class=\"wp-caption aligncenter\"><img decoding=\"async\" loading=\"lazy\" aria-describedby=\"caption-attachment-213132\" class=\"size-custom-full-size wp-image-213132\" src=\"https:\/\/bejsment.com\/wp-content\/uploads\/2025\/05\/aapolievre2-636x424.jpg\" alt=\"\" width=\"636\" height=\"424\" \/><\/p>\n<p id=\"caption-attachment-213132\" class=\"wp-caption-text\">Pierre Poilievre<\/p>\n<\/div>\n<p><strong>Po przegranej w swoim okr\u0119gu Pierre Poilievre po raz pierwszy od 20 lat nie uczestniczy\u0142 w sesji pyta\u0144 do rz\u0105du jako pose\u0142. Konserwatyst\u00f3w podczas debaty poprowadzi\u0142 Andrew Scheer.<\/strong><\/p>\n<p>Lider Partii Konserwatywnej Pierre Poilievre, kt\u00f3ry straci\u0142 mandat w majowych wyborach federalnych, w \u015brod\u0119 po raz pierwszy obserwowa\u0142 obrady Izby Gmin jako widz. Na konferencji prasowej przyzna\u0142, \u017ce \u201euwielbia emocje zwi\u0105zane z debatami parlamentarnymi\u201d i zapowiedzia\u0142, \u017ce b\u0119dzie ci\u0119\u017cko pracowa\u0142, by zn\u00f3w znale\u017a\u0107 si\u0119 w \u0142awach poselskich.<\/p>\n<p>Poilievre planuje wystartowa\u0107 w wyborach uzupe\u0142niaj\u0105cych w okr\u0119gu na terenach wiejskich Alberty. Pose\u0142 Damien Kurek z okr\u0119gu Battle River\u2014Crowfoot zadeklarowa\u0142 gotowo\u015b\u0107 ust\u0105pienia miejsca, jednak zgodnie z prawem musi najpierw sprawowa\u0107 mandat przez co najmniej 30 dni.<\/p>\n<div id=\"attachment_213131\" style=\"width: 646px\" class=\"wp-caption aligncenter\"><img decoding=\"async\" loading=\"lazy\" aria-describedby=\"caption-attachment-213131\" class=\"size-custom-full-size wp-image-213131\" src=\"https:\/\/bejsment.com\/wp-content\/uploads\/2025\/05\/aascheer-636x419.jpg\" alt=\"\" width=\"636\" height=\"419\" \/><\/p>\n<p id=\"caption-attachment-213131\" class=\"wp-caption-text\">Andrew Scheer<\/p>\n<\/div>\n<p>Tymczasowo rol\u0119 lidera opozycji w Izbie Gmin obj\u0105\u0142 by\u0142y szef partii Andrew Scheer. To on przewodzi\u0142 konserwatystom podczas pierwszej sesji pyta\u0144 do nowego premiera Marka Carneya. Scheer zapowiedzia\u0142, \u017ce jego partia b\u0119dzie uwa\u017cnie \u015bledzi\u0107 dzia\u0142ania rz\u0105du i rozlicza\u0107 go z ka\u017cdego wydanego dolara.<\/p>\n<p>Wed\u0142ug by\u0142ego rzecznika Stephena Harpera, Dimitrisa Soudasa, debaty mog\u0105 teraz przybra\u0107 mniej konfrontacyjny ton. \u2014 Styl Scheera r\u00f3\u017cni si\u0119 znacznie od tego, do czego przyzwyczai\u0142 nas Poilievre \u2014 stwierdzi\u0142.<\/p>\n<p>Sam Poilievre zadeklarowa\u0142, \u017ce jego partia b\u0119dzie otwarta na wsp\u00f3\u0142prac\u0119 z mniejszo\u015bciowym rz\u0105dem liberalnym, je\u015bli chodzi o inicjatywy korzystne dla podatnik\u00f3w. Konserwaty\u015bci zapowiadaj\u0105 poparcie dla ka\u017cdej obni\u017cki podatk\u00f3w, a tak\u017ce b\u0119d\u0105 pr\u00f3bowa\u0107 wzmocni\u0107 rz\u0105dowy projekt reformy podatkowej oraz znie\u015b\u0107 op\u0142at\u0119 za emisj\u0119 CO\u2082 dla przemys\u0142u.<\/p>\n<p>Podej\u015bcie to oznacza odej\u015bcie od obstrukcyjnej strategii z jesieni ubieg\u0142ego roku, kiedy to konserwaty\u015bci blokowali prace parlamentu, w tym trzykrotnie wymuszali g\u0142osowania nad wotum nieufno\u015bci wobec rz\u0105du Justina Trudeau.<\/p>\n<p>Premier Mark Carney, kt\u00f3ry kieruje teraz rz\u0105dem mniejszo\u015bciowym, mo\u017ce stan\u0105\u0107 wkr\u00f3tce przed podobnym testem \u2014 pierwsze g\u0142osowanie w sprawie wotum zaufania zaplanowane jest na pocz\u0105tek czerwca, gdy parlament oceni mow\u0119 tronow\u0105 wyg\u0142oszon\u0105 przez kr\u00f3la Karola.<\/p>\n<p>Tymczasem liberalni parlamentarzy\u015bci zgotowali owacj\u0119 na stoj\u0105co Bruce\u2019owi Fanjoyowi, kt\u00f3ry pokona\u0142 Poilievre\u2019a w okr\u0119gu Carleton. Poilievre nie by\u0142 obecny podczas rozpocz\u0119cia \u015brodowej sesji i nie wiadomo, czy uczestniczy\u0142 wcze\u015bniej w zamkni\u0119tym spotkaniu partyjnym.<\/p>\n<p>Konserwaty\u015bci planuj\u0105 dalsze zmiany w swoich szeregach. 73 parlamentarzyst\u00f3w ma obj\u0105\u0107 tymczasowe funkcje kierownicze lub role krytyk\u00f3w. Poilievre zapowiada, \u017ce jesieni\u0105 do zespo\u0142u do\u0142\u0105cz\u0105 tak\u017ce nowo wybrani cz\u0142onkowie partii.<\/p>\n<p style=\"text-align: right\"><em>Na podst. Canadian Press<\/em><\/p>\n","protected":false},"excerpt":{"rendered":"<p>Pierre Poilievre Po przegranej w swoim okr\u0119gu Pierre Poilievre po raz pierwszy od 20 lat nie uczestniczy\u0142 w sesji pyta\u0144 do rz\u0105du jako pose\u0142. Konserwatyst\u00f3w&hellip;<\/p>\n","protected":false},"author":3,"featured_media":1563,"comment_status":"open","ping_status":"open","sticky":false,"template":"","format":"standard","meta":{"footnotes":""},"categories":[12,18],"tags":[],"class_list":["post-1562","post","type-post","status-publish","format-standard","has-post-thumbnail","hentry","category-kanada","category-top-news"],"_links":{"self":[{"href":"https:\/\/radiopoloniawinnipeg.com\/index.php\/wp-json\/wp\/v2\/posts\/1562","targetHints":{"allow":["GET"]}}],"collection":[{"href":"https:\/\/radiopoloniawinnipeg.com\/index.php\/wp-json\/wp\/v2\/posts"}],"about":[{"href":"https:\/\/radiopoloniawinnipeg.com\/index.php\/wp-json\/wp\/v2\/types\/post"}],"author":[{"embeddable":true,"href":"https:\/\/radiopoloniawinnipeg.com\/index.php\/wp-json\/wp\/v2\/users\/3"}],"replies":[{"embeddable":true,"href":"https:\/\/radiopoloniawinnipeg.com\/index.php\/wp-json\/wp\/v2\/comments?post=1562"}],"version-history":[{"count":0,"href":"https:\/\/radiopoloniawinnipeg.com\/index.php\/wp-json\/wp\/v2\/posts\/1562\/revisions"}],"wp:featuredmedia":[{"embeddable":true,"href":"https:\/\/radiopoloniawinnipeg.com\/index.php\/wp-json\/wp\/v2\/media\/1563"}],"wp:attachment":[{"href":"https:\/\/radiopoloniawinnipeg.com\/index.php\/wp-json\/wp\/v2\/media?parent=1562"}],"wp:term":[{"taxonomy":"category","embeddable":true,"href":"https:\/\/radiopoloniawinnipeg.com\/index.php\/wp-json\/wp\/v2\/categories?post=1562"},{"taxonomy":"post_tag","embeddable":true,"href":"https:\/\/radiopoloniawinnipeg.com\/index.php\/wp-json\/wp\/v2\/tags?post=1562"}],"curies":[{"name":"wp","href":"https:\/\/api.w.org\/{rel}","templated":true}]}}