{"id":1585,"date":"2025-05-29T20:15:05","date_gmt":"2025-05-30T00:15:05","guid":{"rendered":"https:\/\/radiopoloniawinnipeg.com\/index.php\/2025\/05\/29\/chinski-producent-aut-pozwany-w-brazylii-za-niewolnicza-prace\/"},"modified":"2025-05-29T20:15:05","modified_gmt":"2025-05-30T00:15:05","slug":"chinski-producent-aut-pozwany-w-brazylii-za-niewolnicza-prace","status":"publish","type":"post","link":"https:\/\/radiopoloniawinnipeg.com\/index.php\/2025\/05\/29\/chinski-producent-aut-pozwany-w-brazylii-za-niewolnicza-prace\/","title":{"rendered":"Chi\u0144ski producent aut pozwany w Brazylii za niewolnicz\u0105 prac\u0119"},"content":{"rendered":"<div id=\"attachment_213186\" style=\"width: 510px\" class=\"wp-caption aligncenter\"><img decoding=\"async\" loading=\"lazy\" aria-describedby=\"caption-attachment-213186\" class=\"size-custom-full-size wp-image-213186\" src=\"https:\/\/bejsment.com\/wp-content\/uploads\/2025\/05\/aabyd.jpg\" alt=\"\" width=\"500\" height=\"281\" \/><\/p>\n<p id=\"caption-attachment-213186\" class=\"wp-caption-text\">W\u0142adze Brazylii zamkn\u0119\u0142y fabryk\u0119 BYD ze wzgl\u0119du na niewolnicze warunki pracy zatrudnionych os\u00f3b.<\/p>\n<\/div>\n<p><strong>Chi\u0144ski producent samochod\u00f3w BYD zosta\u0142 pozwany przez brazylijskich prokurator\u00f3w za rzekome wykorzystywanie setek pracownik\u00f3w w warunkach przypominaj\u0105cych niewolnictwo. Sprawa dotyczy budowy nowej fabryki koncernu w stanie Bahia. \u0141\u0105czna kwota \u017c\u0105danego odszkodowania to 257 milion\u00f3w reali brazylijskich, czyli oko\u0142o 45 milion\u00f3w dolar\u00f3w ameryka\u0144skich.<\/strong><\/p>\n<p>Pozew z\u0142o\u017cony we wtorek obejmuje r\u00f3wnie\u017c dw\u00f3ch podwykonawc\u00f3w: firmy JinJiang i Tecmonta. Prokuratorzy pracy domagaj\u0105 si\u0119 nie tylko finansowego zado\u015b\u0107uczynienia za szkody moralne, ale te\u017c egzekwowania przestrzegania brazylijskiego prawa pracy. W przypadku dalszych narusze\u0144, ka\u017cdemu z nich ma grozi\u0107 kara 50 tysi\u0119cy reali.<\/p>\n<h3><strong>BYD: przestrzegamy prawa i wsp\u00f3\u0142pracujemy<\/strong><\/h3>\n<p>W odpowiedzi na zarzuty BYD zapewni\u0142o, \u017ce przestrzega zar\u00f3wno lokalnych, jak i mi\u0119dzynarodowych norm pracy oraz anga\u017cuje si\u0119 w ochron\u0119 praw cz\u0142owieka. Firma poinformowa\u0142a, \u017ce wsp\u00f3\u0142pracuje z prokuratur\u0105 i ustosunkuje si\u0119 do pozwu w dokumentach s\u0105dowych.<\/p>\n<h3><strong>220 chi\u0144skich pracownik\u00f3w w \u201eniewolniczych\u201d warunkach<\/strong><\/h3>\n<p>Wed\u0142ug \u015bledztwa, 220 obywateli Chin zatrudnionych przez podwykonawc\u00f3w BYD mia\u0142o pracowa\u0107 w skrajnie z\u0142ych warunkach. Prokuratura twierdzi, \u017ce padli oni ofiar\u0105 mi\u0119dzynarodowego handlu lud\u017ami \u2013 zostali nielegalnie sprowadzeni do Brazylii, zwabieni fa\u0142szywymi obietnicami dotycz\u0105cymi zatrudnienia.<\/p>\n<div id=\"attachment_213185\" style=\"width: 584px\" class=\"wp-caption aligncenter\"><img decoding=\"async\" loading=\"lazy\" aria-describedby=\"caption-attachment-213185\" class=\"size-custom-full-size wp-image-213185\" src=\"https:\/\/bejsment.com\/wp-content\/uploads\/2025\/05\/aabyd2.jpg\" alt=\"\" width=\"574\" height=\"432\" \/><\/p>\n<p id=\"caption-attachment-213185\" class=\"wp-caption-text\">Tak s\u0105 zakwaterowani pracownicy BYD w Brazylii.<\/p>\n<\/div>\n<p>Jak poinformowa\u0142 zast\u0119pca prokuratora pracy Fabio Leal, wszystkie osoby obj\u0119te spraw\u0105 wr\u00f3ci\u0142y ju\u017c do Chin. Maj\u0105 otrzyma\u0107 nale\u017cne odszkodowania, a odpowiedzialno\u015b\u0107 za ich wyp\u0142at\u0119 spoczywa na firmach dzia\u0142aj\u0105cych w Brazylii, kt\u00f3re b\u0119d\u0105 musia\u0142y przedstawi\u0107 dowody przelew\u00f3w.<\/p>\n<h3><strong>Sprawa trafi do s\u0105du, ale ugoda nadal mo\u017cliwa<\/strong><\/h3>\n<p>Rozmowy z firmami trwa\u0142y od grudnia, jednak nie zako\u0144czy\u0142y si\u0119 porozumieniem. Teraz ewentualna ugoda b\u0119dzie mog\u0142a zosta\u0107 zawarta jedynie przed s\u0105dem. \u2014 Nasz pozew jest bardzo solidnie udokumentowany i oparty na licznych dowodach zebranych podczas dochodzenia \u2014 podkre\u015bli\u0142 Leal.<\/p>\n<p style=\"text-align: right\"><em>Na podst. AP<\/em><\/p>\n","protected":false},"excerpt":{"rendered":"<p>W\u0142adze Brazylii zamkn\u0119\u0142y fabryk\u0119 BYD ze wzgl\u0119du na niewolnicze warunki pracy zatrudnionych os\u00f3b. Chi\u0144ski producent samochod\u00f3w BYD zosta\u0142 pozwany przez brazylijskich prokurator\u00f3w za rzekome wykorzystywanie&hellip;<\/p>\n","protected":false},"author":3,"featured_media":1586,"comment_status":"open","ping_status":"open","sticky":false,"template":"","format":"standard","meta":{"footnotes":""},"categories":[15,18],"tags":[],"class_list":["post-1585","post","type-post","status-publish","format-standard","has-post-thumbnail","hentry","category-swiat","category-top-news"],"_links":{"self":[{"href":"https:\/\/radiopoloniawinnipeg.com\/index.php\/wp-json\/wp\/v2\/posts\/1585","targetHints":{"allow":["GET"]}}],"collection":[{"href":"https:\/\/radiopoloniawinnipeg.com\/index.php\/wp-json\/wp\/v2\/posts"}],"about":[{"href":"https:\/\/radiopoloniawinnipeg.com\/index.php\/wp-json\/wp\/v2\/types\/post"}],"author":[{"embeddable":true,"href":"https:\/\/radiopoloniawinnipeg.com\/index.php\/wp-json\/wp\/v2\/users\/3"}],"replies":[{"embeddable":true,"href":"https:\/\/radiopoloniawinnipeg.com\/index.php\/wp-json\/wp\/v2\/comments?post=1585"}],"version-history":[{"count":0,"href":"https:\/\/radiopoloniawinnipeg.com\/index.php\/wp-json\/wp\/v2\/posts\/1585\/revisions"}],"wp:featuredmedia":[{"embeddable":true,"href":"https:\/\/radiopoloniawinnipeg.com\/index.php\/wp-json\/wp\/v2\/media\/1586"}],"wp:attachment":[{"href":"https:\/\/radiopoloniawinnipeg.com\/index.php\/wp-json\/wp\/v2\/media?parent=1585"}],"wp:term":[{"taxonomy":"category","embeddable":true,"href":"https:\/\/radiopoloniawinnipeg.com\/index.php\/wp-json\/wp\/v2\/categories?post=1585"},{"taxonomy":"post_tag","embeddable":true,"href":"https:\/\/radiopoloniawinnipeg.com\/index.php\/wp-json\/wp\/v2\/tags?post=1585"}],"curies":[{"name":"wp","href":"https:\/\/api.w.org\/{rel}","templated":true}]}}