{"id":1608,"date":"2025-05-30T17:30:04","date_gmt":"2025-05-30T21:30:04","guid":{"rendered":"https:\/\/radiopoloniawinnipeg.com\/index.php\/2025\/05\/30\/prowincja-w-ogniu-stan-wyjatkowy-w-saskatchewan\/"},"modified":"2025-05-30T17:30:04","modified_gmt":"2025-05-30T21:30:04","slug":"prowincja-w-ogniu-stan-wyjatkowy-w-saskatchewan","status":"publish","type":"post","link":"https:\/\/radiopoloniawinnipeg.com\/index.php\/2025\/05\/30\/prowincja-w-ogniu-stan-wyjatkowy-w-saskatchewan\/","title":{"rendered":"Prowincja w ogniu: stan wyj\u0105tkowy w Saskatchewan"},"content":{"rendered":"<p><img decoding=\"async\" loading=\"lazy\" class=\"aligncenter size-custom-full-size wp-image-213265\" src=\"https:\/\/bejsment.com\/wp-content\/uploads\/2025\/05\/aapozary-636x358.jpg\" alt=\"\" width=\"636\" height=\"358\" \/><\/p>\n<p><strong>Premier Saskatchewan Scott Moe og\u0142osi\u0142 w czwartek stan wyj\u0105tkowy w ca\u0142ej prowincji, w odpowiedzi na gwa\u0142townie rozprzestrzeniaj\u0105ce si\u0119 po\u017cary las\u00f3w w p\u00f3\u0142nocnych regionach. Tysi\u0105ce mieszka\u0144c\u00f3w zosta\u0142o zmuszonych do opuszczenia dom\u00f3w, a sytuacja pogarsza si\u0119 z godziny na godzin\u0119.<\/strong><\/p>\n<p>\u2013 Warunki, z jakimi mierz\u0105 si\u0119 nasze spo\u0142eczno\u015bci i stra\u017cacy, s\u0105 ekstremalne, by\u0107 mo\u017ce bez precedensu \u2013 powiedzia\u0142 Moe podczas konferencji prasowej w Prince Albert. \u2013 Potrzebujemy deszczu. I to natychmiast.<\/p>\n<p>Stan wyj\u0105tkowy obowi\u0105zuje przez 30 dni z mo\u017cliwo\u015bci\u0105 przed\u0142u\u017cenia. Otwiera to drog\u0119 do skorzystania z pomocy federalnej \u2013 w tym wsparcia wojskowego, dodatkowego sprz\u0119tu i personelu ratowniczego.<\/p>\n<p>Na czwartek po po\u0142udniu w Saskatchewan p\u0142on\u0119\u0142o 17 po\u017car\u00f3w las\u00f3w \u2013 tylko trzy z nich uznano za opanowane. Agencja Bezpiecze\u0144stwa Publicznego (SPSA) zaanga\u017cowa\u0142a pomoc z innych prowincji i terytori\u00f3w: ju\u017c pracuj\u0105 za\u0142ogi z Quebecu i Alaski, a w drodze s\u0105 stra\u017cacy z Nowej Szkocji i Wyspy Ksi\u0119cia Edwarda.<\/p>\n<h3><strong>Po\u017car w Shoe \u2013 ponad 300 tys. hektar\u00f3w i rosn\u0105ce zagro\u017cenie<\/strong><\/h3>\n<p>Najwi\u0119kszym po\u017carem w prowincji jest tzw. po\u017car w Shoe, kt\u00f3ry powsta\u0142 z po\u0142\u0105czenia dw\u00f3ch ognisk na p\u00f3\u0142noc od Prince Albert. Obejmuje ju\u017c ponad 300 000 hektar\u00f3w.<\/p>\n<p>\u2013 To po\u017car kategorii 6 \u2013 najbardziej intensywny, jaki mo\u017ce si\u0119 zdarzy\u0107 \u2013 powiedzia\u0142 Jim Arnold, szef stra\u017cy po\u017carnej w Candle Lake.<\/p>\n<p><img decoding=\"async\" loading=\"lazy\" class=\"aligncenter size-custom-full-size wp-image-213263\" src=\"https:\/\/bejsment.com\/wp-content\/uploads\/2025\/05\/aapozary3-636x358.jpg\" alt=\"\" width=\"636\" height=\"358\" \/><\/p>\n<p>Mimo niepokoj\u0105cych danych, w Candle Lake og\u0142oszono na razie tylko dobrowoln\u0105 ewakuacj\u0119. Chodzi o to, by umo\u017cliwi\u0107 wcze\u015bniejszy wyjazd osobom z problemami zdrowotnymi i unikn\u0105\u0107 chaosu w razie nag\u0142ej ewakuacji.<\/p>\n<h3><strong>G\u0142osy z p\u00f3\u0142nocy: \u201eTo przekracza nasze mo\u017cliwo\u015bci\u201d<\/strong><\/h3>\n<p>R\u00f3wnolegle stan wyj\u0105tkowy og\u0142osi\u0142y trzy Pierwsze Narody: Lac La Ronge Indian Band, Peter Ballantyne Cree Nation i Montreal Lake Cree Nation. Ich liderzy bij\u0105 na alarm, m\u00f3wi\u0105c o brakach w zasobach przeciwpo\u017carowych i personelu oraz zbyt ograniczonym wsparciu lotniczym.<\/p>\n<p>\u2013 Naszym priorytetem jest ochrona \u017cycia. Potrzebujemy pilnego wsparcia \u2013 apelowa\u0142 Wielki Naczelnik Brian Hardlotte.<\/p>\n<p>W\u00f3dz Peter A. Beatty zwr\u00f3ci\u0142 uwag\u0119, \u017ce zamkni\u0119te drogi uniemo\u017cliwiaj\u0105 wielu spo\u0142eczno\u015bciom ewakuacj\u0119. \u2013 Robimy, co mo\u017cemy, ale sami nie damy rady \u2013 powiedzia\u0142.<\/p>\n<h3><strong>Zniszczenia w East Trout Lake i dramaty mieszka\u0144c\u00f3w<\/strong><\/h3>\n<p>W\u015br\u00f3d najbardziej dotkni\u0119tych miejscowo\u015bci jest East Trout Lake \u2013 og\u0142osi\u0142o w\u0142asny stan wyj\u0105tkowy po tym, jak po\u017car dotar\u0142 do teren\u00f3w mieszkalnych i wypoczynkowych. SPSA potwierdzi\u0142o, \u017ce osada ponios\u0142a \u201eznaczne straty\u201d.<\/p>\n<div id=\"attachment_213262\" style=\"width: 646px\" class=\"wp-caption aligncenter\"><img decoding=\"async\" loading=\"lazy\" aria-describedby=\"caption-attachment-213262\" class=\"size-custom-full-size wp-image-213262\" src=\"https:\/\/bejsment.com\/wp-content\/uploads\/2025\/05\/aapozary4-636x425.jpg\" alt=\"\" width=\"636\" height=\"425\" \/><\/p>\n<p id=\"caption-attachment-213262\" class=\"wp-caption-text\">Po\u017car Shoe, szalej\u0105cy na p\u00f3\u0142nocny wsch\u00f3d od Prince Albert, zniszczy\u0142 dziesi\u0105tki domk\u00f3w w East Trout Lake.<\/p>\n<\/div>\n<p>Nathan Pitka, kt\u00f3rego rodzina korzysta\u0142a z domku w tej okolicy od 48 lat, przypuszcza, \u017ce jego posiad\u0142o\u015b\u0107 sp\u0142on\u0119\u0142a. \u2013 Obserwujemy, jak nasze spo\u0142eczno\u015bci p\u0142on\u0105 w czasie rzeczywistym \u2013 napisa\u0142 w li\u015bcie do premiera Moe, wzywaj\u0105c do wi\u0119kszej przejrzysto\u015bci i szybszych dzia\u0142a\u0144.<\/p>\n<h3><strong>Braki w komunikacji i ostrze\u017cenie dla posiadaczy dron\u00f3w<\/strong><\/h3>\n<p>Wielu mieszka\u0144c\u00f3w skar\u017cy si\u0119 na brak informacji. \u2013 Nie wiemy, co si\u0119 dzieje i jakie s\u0105 plany \u2013 m\u00f3wi Walter Halliday z Whiteswan Lake Lodge.<\/p>\n<p>Agencja SPSA przypomina, by nie u\u017cywa\u0107 dron\u00f3w w pobli\u017cu po\u017car\u00f3w \u2013 nielegalne loty mog\u0105 uniemo\u017cliwi\u0107 akcje ga\u015bnicze z powietrza. Trwaj\u0105 r\u00f3wnie\u017c rozwa\u017cania nad tymczasowym zakazem u\u017cywania pojazd\u00f3w terenowych i rekreacyjnych, kt\u00f3re wed\u0142ug agencji przyczyni\u0142y si\u0119 do cz\u0119\u015bci po\u017car\u00f3w.<\/p>\n<h3><strong>Wsp\u00f3\u0142praca mi\u0119dzy prowincjami i apel do stra\u017cak\u00f3w<\/strong><\/h3>\n<p>Manitoba, r\u00f3wnie\u017c walcz\u0105ca z ogniem, og\u0142osi\u0142a stan wyj\u0105tkowy dzie\u0144 wcze\u015bniej. Premierzy Moe i Wab Kinew rozmawiali o wzajemnym wsparciu. Moe zaapelowa\u0142 te\u017c do nieaktywnych stra\u017cak\u00f3w o zg\u0142oszenie si\u0119 do pomocy w p\u00f3\u0142nocnych spo\u0142eczno\u015bciach.<\/p>\n<p>Na koniec dnia w Saskatchewan aktywnych by\u0142o 19 po\u017car\u00f3w \u2013 dziewi\u0119\u0107 z nich wymkn\u0119\u0142o si\u0119 spod kontroli. Trwa walka o ludzi, domy i przysz\u0142o\u015b\u0107 regionu.<\/p>\n<p style=\"text-align: right\"><em>Na podst. CBC<\/em><\/p>\n","protected":false},"excerpt":{"rendered":"<p>Premier Saskatchewan Scott Moe og\u0142osi\u0142 w czwartek stan wyj\u0105tkowy w ca\u0142ej prowincji, w odpowiedzi na gwa\u0142townie rozprzestrzeniaj\u0105ce si\u0119 po\u017cary las\u00f3w w p\u00f3\u0142nocnych regionach. Tysi\u0105ce mieszka\u0144c\u00f3w&hellip;<\/p>\n","protected":false},"author":3,"featured_media":1609,"comment_status":"open","ping_status":"open","sticky":false,"template":"","format":"standard","meta":{"footnotes":""},"categories":[12,18],"tags":[],"class_list":["post-1608","post","type-post","status-publish","format-standard","has-post-thumbnail","hentry","category-kanada","category-top-news"],"_links":{"self":[{"href":"https:\/\/radiopoloniawinnipeg.com\/index.php\/wp-json\/wp\/v2\/posts\/1608","targetHints":{"allow":["GET"]}}],"collection":[{"href":"https:\/\/radiopoloniawinnipeg.com\/index.php\/wp-json\/wp\/v2\/posts"}],"about":[{"href":"https:\/\/radiopoloniawinnipeg.com\/index.php\/wp-json\/wp\/v2\/types\/post"}],"author":[{"embeddable":true,"href":"https:\/\/radiopoloniawinnipeg.com\/index.php\/wp-json\/wp\/v2\/users\/3"}],"replies":[{"embeddable":true,"href":"https:\/\/radiopoloniawinnipeg.com\/index.php\/wp-json\/wp\/v2\/comments?post=1608"}],"version-history":[{"count":0,"href":"https:\/\/radiopoloniawinnipeg.com\/index.php\/wp-json\/wp\/v2\/posts\/1608\/revisions"}],"wp:featuredmedia":[{"embeddable":true,"href":"https:\/\/radiopoloniawinnipeg.com\/index.php\/wp-json\/wp\/v2\/media\/1609"}],"wp:attachment":[{"href":"https:\/\/radiopoloniawinnipeg.com\/index.php\/wp-json\/wp\/v2\/media?parent=1608"}],"wp:term":[{"taxonomy":"category","embeddable":true,"href":"https:\/\/radiopoloniawinnipeg.com\/index.php\/wp-json\/wp\/v2\/categories?post=1608"},{"taxonomy":"post_tag","embeddable":true,"href":"https:\/\/radiopoloniawinnipeg.com\/index.php\/wp-json\/wp\/v2\/tags?post=1608"}],"curies":[{"name":"wp","href":"https:\/\/api.w.org\/{rel}","templated":true}]}}