{"id":1626,"date":"2025-05-31T12:15:05","date_gmt":"2025-05-31T16:15:05","guid":{"rendered":"https:\/\/radiopoloniawinnipeg.com\/index.php\/2025\/05\/31\/braki-zywnosci-na-bialorusi-lukaszenka-luzuje-zakazy\/"},"modified":"2025-05-31T12:15:05","modified_gmt":"2025-05-31T16:15:05","slug":"braki-zywnosci-na-bialorusi-lukaszenka-luzuje-zakazy","status":"publish","type":"post","link":"https:\/\/radiopoloniawinnipeg.com\/index.php\/2025\/05\/31\/braki-zywnosci-na-bialorusi-lukaszenka-luzuje-zakazy\/","title":{"rendered":"Braki \u017cywno\u015bci na Bia\u0142orusi. \u0141ukaszenka luzuje zakazy"},"content":{"rendered":"<p><img decoding=\"async\" loading=\"lazy\" class=\"aligncenter size-custom-full-size wp-image-213305\" src=\"https:\/\/bejsment.com\/wp-content\/uploads\/2025\/05\/aabialorusbraki-636x424.jpg\" alt=\"\" width=\"636\" height=\"424\" \/><\/p>\n<p><strong>Na Bia\u0142orusi pog\u0142\u0119bia si\u0119 kryzys \u017cywno\u015bciowy \u2013 alarmuj\u0105 niezale\u017cne portale monitoruj\u0105ce sytuacj\u0119 w kraju rz\u0105dzonym przez re\u017cim Aleksandra \u0141ukaszenki. W odpowiedzi na braki podstawowych produkt\u00f3w w sklepach rz\u0105d w Mi\u0144sku zni\u00f3s\u0142 embargo na import wybranych warzyw z pa\u0144stw Unii Europejskiej, oficjalnie uznawanych przez w\u0142adze za \u201enieprzyjazne\u201d.<\/strong><\/p>\n<p>We wtorek wieczorem opublikowano rozporz\u0105dzenie, kt\u00f3re wycofuje z listy obj\u0119tej zakazem importu m.in. ziemniaki, cebul\u0119, jab\u0142ka i bia\u0142\u0105 kapust\u0119. To pierwszy tak wyra\u017any sygna\u0142 z\u0142agodzenia sankcji gospodarczych, kt\u00f3re Mi\u0144sk wprowadzi\u0142 w odpowiedzi na polityk\u0119 UE po sfa\u0142szowanych wyborach prezydenckich i brutalnym t\u0142umieniu protest\u00f3w w 2020 roku.<\/p>\n<p>Bia\u0142oruskie w\u0142adze pr\u00f3buj\u0105 przedstawi\u0107 t\u0119 decyzj\u0119 jako gest \u201eotwarto\u015bci\u201d i \u201edobros\u0105siedzkiej wsp\u00f3\u0142pracy\u201d, wskazuj\u0105c na wcze\u015bniejsze podwy\u017cszenie przez Uni\u0119 Europejsk\u0105 ce\u0142 na bia\u0142oruskie produkty rolne. Jednak, jak przypomina niezale\u017cny portal Zerkalo.io, prawdziwym powodem zmiany s\u0105 rosn\u0105ce problemy z zaopatrzeniem rynku krajowego.<\/p>\n<p>Z r\u00f3\u017cnych region\u00f3w Bia\u0142orusi od miesi\u0119cy nap\u0142ywaj\u0105 skargi na niedobory ziemniak\u00f3w \u2013 podstawowego sk\u0142adnika bia\u0142oruskiej kuchni. Brakuje r\u00f3wnie\u017c cebuli i kapusty. G\u0142\u00f3wn\u0105 przyczyn\u0105 s\u0105 rosn\u0105ce koszty produkcji i nieop\u0142acalno\u015b\u0107 sprzeda\u017cy po sztywno regulowanych, zani\u017conych cenach. W efekcie producenci coraz cz\u0119\u015bciej wybierali eksport \u2013 g\u0142\u00f3wnie do Rosji \u2013 zamiast zaopatrywania lokalnych sklep\u00f3w.<\/p>\n<p>Ju\u017c w kwietniu bia\u0142oruski rz\u0105d zezwoli\u0142 na podniesienie cen na niekt\u00f3re warzywa, w tym ziemniaki, pr\u00f3buj\u0105c zach\u0119ci\u0107 rolnik\u00f3w do sprzeda\u017cy na rynku wewn\u0119trznym. 8 maja sam Aleksandr \u0141ukaszenka przyzna\u0142, \u017ce w kraju wyst\u0119puje \u201edeficyt ziemniak\u00f3w\u201d i zarzuci\u0142 rolnikom, \u017ce kieruj\u0105 si\u0119 wy\u0142\u0105cznie zyskiem, sprzedaj\u0105c plony za granic\u0119.<\/p>\n<div id=\"attachment_213306\" style=\"width: 646px\" class=\"wp-caption aligncenter\"><img decoding=\"async\" loading=\"lazy\" aria-describedby=\"caption-attachment-213306\" class=\"size-custom-full-size wp-image-213306\" src=\"https:\/\/bejsment.com\/wp-content\/uploads\/2025\/05\/aalukaszenka-636x358.jpg\" alt=\"\" width=\"636\" height=\"358\" \/><\/p>\n<p id=\"caption-attachment-213306\" class=\"wp-caption-text\">Aleksandr \u0141ukaszenka<\/p>\n<\/div>\n<p>\u2013 Wolicie sprzedawa\u0107 do Rosji, bo p\u0142ac\u0105 wi\u0119cej \u2013 grzmia\u0142 podczas spotkania z urz\u0119dnikami. \u2013 To bajzel, nie system! Zbudowali\u015bcie mechanizm, kt\u00f3ry sprzyja importowi zamiast w\u0142asnej produkcji. Czy importerzy wam zap\u0142acili? Oczywi\u015bcie nie oskar\u017cam, ale podejrzenia s\u0105 \u2013 m\u00f3wi\u0142.<\/p>\n<p>Pierwsze oznaki kryzysu pojawi\u0142y si\u0119 ju\u017c na pocz\u0105tku lutego. Wtedy \u0141ukaszenka oskar\u017cy\u0142 spekulant\u00f3w o wywo\u0142ywanie brak\u00f3w i utrudnianie dost\u0119pu do \u017cywno\u015bci. Teraz \u2013 nieoficjalnie \u2013 rz\u0105d \u0142agodzi sankcje, kt\u00f3re sam wprowadzi\u0142, by przeciwdzia\u0142a\u0107 skutkom w\u0142asnej polityki gospodarczej.<\/p>\n<p style=\"text-align: right\"><em>Na podst. Polsat News<\/em><\/p>\n","protected":false},"excerpt":{"rendered":"<p>Na Bia\u0142orusi pog\u0142\u0119bia si\u0119 kryzys \u017cywno\u015bciowy \u2013 alarmuj\u0105 niezale\u017cne portale monitoruj\u0105ce sytuacj\u0119 w kraju rz\u0105dzonym przez re\u017cim Aleksandra \u0141ukaszenki. W odpowiedzi na braki podstawowych produkt\u00f3w&hellip;<\/p>\n","protected":false},"author":3,"featured_media":1627,"comment_status":"open","ping_status":"open","sticky":false,"template":"","format":"standard","meta":{"footnotes":""},"categories":[15,18],"tags":[],"class_list":["post-1626","post","type-post","status-publish","format-standard","has-post-thumbnail","hentry","category-swiat","category-top-news"],"_links":{"self":[{"href":"https:\/\/radiopoloniawinnipeg.com\/index.php\/wp-json\/wp\/v2\/posts\/1626","targetHints":{"allow":["GET"]}}],"collection":[{"href":"https:\/\/radiopoloniawinnipeg.com\/index.php\/wp-json\/wp\/v2\/posts"}],"about":[{"href":"https:\/\/radiopoloniawinnipeg.com\/index.php\/wp-json\/wp\/v2\/types\/post"}],"author":[{"embeddable":true,"href":"https:\/\/radiopoloniawinnipeg.com\/index.php\/wp-json\/wp\/v2\/users\/3"}],"replies":[{"embeddable":true,"href":"https:\/\/radiopoloniawinnipeg.com\/index.php\/wp-json\/wp\/v2\/comments?post=1626"}],"version-history":[{"count":0,"href":"https:\/\/radiopoloniawinnipeg.com\/index.php\/wp-json\/wp\/v2\/posts\/1626\/revisions"}],"wp:featuredmedia":[{"embeddable":true,"href":"https:\/\/radiopoloniawinnipeg.com\/index.php\/wp-json\/wp\/v2\/media\/1627"}],"wp:attachment":[{"href":"https:\/\/radiopoloniawinnipeg.com\/index.php\/wp-json\/wp\/v2\/media?parent=1626"}],"wp:term":[{"taxonomy":"category","embeddable":true,"href":"https:\/\/radiopoloniawinnipeg.com\/index.php\/wp-json\/wp\/v2\/categories?post=1626"},{"taxonomy":"post_tag","embeddable":true,"href":"https:\/\/radiopoloniawinnipeg.com\/index.php\/wp-json\/wp\/v2\/tags?post=1626"}],"curies":[{"name":"wp","href":"https:\/\/api.w.org\/{rel}","templated":true}]}}