{"id":1674,"date":"2025-06-02T10:30:05","date_gmt":"2025-06-02T14:30:05","guid":{"rendered":"https:\/\/radiopoloniawinnipeg.com\/index.php\/2025\/06\/02\/pierwsze-reakcje-na-rezultat-wyborow\/"},"modified":"2025-06-02T10:30:05","modified_gmt":"2025-06-02T14:30:05","slug":"pierwsze-reakcje-na-rezultat-wyborow","status":"publish","type":"post","link":"https:\/\/radiopoloniawinnipeg.com\/index.php\/2025\/06\/02\/pierwsze-reakcje-na-rezultat-wyborow\/","title":{"rendered":"Pierwsze reakcje na rezultat wybor\u00f3w"},"content":{"rendered":"<p><img decoding=\"async\" loading=\"lazy\" class=\"aligncenter size-custom-full-size wp-image-213586\" src=\"https:\/\/bejsment.com\/wp-content\/uploads\/2025\/06\/aatrzask2-636x477.jpg\" alt=\"\" width=\"636\" height=\"477\" \/><\/p>\n<p><strong>Chwil\u0119 po\u00a0og\u0142oszeniu sonda\u017cowych wynik\u00f3w wybor\u00f3w Rafa\u0142 Trzaskowski og\u0142osi\u0142 zwyci\u0119stwo. W\u00a0sztabie kandydata Koalicji Obywatelskiej panowa\u0142a euforia. Gdy jednak zacz\u0119\u0142y przychodzi\u0107 informacje o tym, \u017ce to Karol Nawrocki obejmuje prowadzenie, a p\u00f3\u017aniej, \u017ce najprawdopodobniej ju\u017c tego prowadzenia nie odda, w sieci pojawi\u0142y si\u0119 pierwsze reakcje.<\/strong><\/p>\n<p>By\u0142y one tym gwa\u0142towniejsze, gdy pora\u017cka Trzaskowskiego stawa\u0142a si\u0119 nieuchronna.<br \/>\nWarto si\u0119 z nimi zapozna\u0107.<\/p>\n<h3><strong>Reakcja Andrzeja Dudy<\/strong><\/h3>\n<p>Gratuluj\u0119 Zwyci\u0119zcy! Trwaj mocna POLSKO! \u2013\u00a0napisa\u0142 prezydent Andrzej Duda.<\/p>\n<p>Prezydent komentuj\u0105c wyniki wczorajszych wybor\u00f3w podzi\u0119kowa\u0142 Polakom za\u00a0t\u0142umny udzia\u0142 w\u00a0wyborach.<\/p>\n<blockquote class=\"twitter-tweet\" data-width=\"550\" data-dnt=\"true\">\n<p lang=\"pl\" dir=\"ltr\">DZI\u0118KUJ\u0118! Za udzia\u0142 w wyborach prezydenckich. Za frekwencj\u0119. Za spe\u0142nienie obywatelskiej powinno\u015bci. Za wzi\u0119cie odpowiedzialno\u015bci za Polsk\u0119. Gratuluj\u0119 Zwyci\u0119zcy! Trwaj mocna POLSKO! <\/p>\n","protected":false},"excerpt":{"rendered":"<p>Chwil\u0119 po\u00a0og\u0142oszeniu sonda\u017cowych wynik\u00f3w wybor\u00f3w Rafa\u0142 Trzaskowski og\u0142osi\u0142 zwyci\u0119stwo. W\u00a0sztabie kandydata Koalicji Obywatelskiej panowa\u0142a euforia. Gdy jednak zacz\u0119\u0142y przychodzi\u0107 informacje o tym, \u017ce to Karol&hellip;<\/p>\n","protected":false},"author":3,"featured_media":1675,"comment_status":"open","ping_status":"open","sticky":false,"template":"","format":"standard","meta":{"footnotes":""},"categories":[14,18],"tags":[],"class_list":["post-1674","post","type-post","status-publish","format-standard","has-post-thumbnail","hentry","category-polska","category-top-news"],"_links":{"self":[{"href":"https:\/\/radiopoloniawinnipeg.com\/index.php\/wp-json\/wp\/v2\/posts\/1674","targetHints":{"allow":["GET"]}}],"collection":[{"href":"https:\/\/radiopoloniawinnipeg.com\/index.php\/wp-json\/wp\/v2\/posts"}],"about":[{"href":"https:\/\/radiopoloniawinnipeg.com\/index.php\/wp-json\/wp\/v2\/types\/post"}],"author":[{"embeddable":true,"href":"https:\/\/radiopoloniawinnipeg.com\/index.php\/wp-json\/wp\/v2\/users\/3"}],"replies":[{"embeddable":true,"href":"https:\/\/radiopoloniawinnipeg.com\/index.php\/wp-json\/wp\/v2\/comments?post=1674"}],"version-history":[{"count":0,"href":"https:\/\/radiopoloniawinnipeg.com\/index.php\/wp-json\/wp\/v2\/posts\/1674\/revisions"}],"wp:featuredmedia":[{"embeddable":true,"href":"https:\/\/radiopoloniawinnipeg.com\/index.php\/wp-json\/wp\/v2\/media\/1675"}],"wp:attachment":[{"href":"https:\/\/radiopoloniawinnipeg.com\/index.php\/wp-json\/wp\/v2\/media?parent=1674"}],"wp:term":[{"taxonomy":"category","embeddable":true,"href":"https:\/\/radiopoloniawinnipeg.com\/index.php\/wp-json\/wp\/v2\/categories?post=1674"},{"taxonomy":"post_tag","embeddable":true,"href":"https:\/\/radiopoloniawinnipeg.com\/index.php\/wp-json\/wp\/v2\/tags?post=1674"}],"curies":[{"name":"wp","href":"https:\/\/api.w.org\/{rel}","templated":true}]}}