{"id":1687,"date":"2025-06-03T07:30:06","date_gmt":"2025-06-03T11:30:06","guid":{"rendered":"https:\/\/radiopoloniawinnipeg.com\/index.php\/2025\/06\/03\/tusk-nie-cofniemy-sie-ani-o-krok\/"},"modified":"2025-06-03T07:30:06","modified_gmt":"2025-06-03T11:30:06","slug":"tusk-nie-cofniemy-sie-ani-o-krok","status":"publish","type":"post","link":"https:\/\/radiopoloniawinnipeg.com\/index.php\/2025\/06\/03\/tusk-nie-cofniemy-sie-ani-o-krok\/","title":{"rendered":"Tusk: Nie cofniemy si\u0119 ani o krok"},"content":{"rendered":"<p><img decoding=\"async\" loading=\"lazy\" class=\"aligncenter size-custom-full-size wp-image-213693\" src=\"https:\/\/bejsment.com\/wp-content\/uploads\/2025\/06\/aatusk3-636x358.jpg\" alt=\"\" width=\"636\" height=\"358\" \/><\/p>\n<p><strong>W pierwszym wyst\u0105pieniu po wyborach prezydenckich premier Donald Tusk zapowiedzia\u0142, \u017ce nie zamierza zwalnia\u0107 tempa. Z\u0142o\u017cy wniosek o wotum zaufania i wdro\u017cy plan dzia\u0142ania mimo spodziewanej kohabitacji z g\u0142ow\u0105 pa\u0144stwa.Tusk przyzna\u0142, \u017ce przygotowano \u201eplan awaryjny\u201d na wypadek trudnej kohabitacji z nowym prezydentem. <\/strong><\/p>\n<p>\u2013 Trudno z g\u00f3ry przewidzie\u0107 jego postaw\u0119. Je\u015bli zdecyduje si\u0119 na wsp\u00f3\u0142prac\u0119, odpowiemy otwarto\u015bci\u0105. Je\u015bli nie \u2013 mamy do\u015bwiadczenie i determinacj\u0119, by dzia\u0142a\u0107 dalej \u2013 zapewni\u0142.<\/p>\n<p>Premier rozpocz\u0105\u0142 swoje przem\u00f3wienie od podzi\u0119kowa\u0144 dla wyborc\u00f3w. \u2013 Ponad 20 milion\u00f3w Polak\u00f3w odda\u0142o g\u0142os w wyborach prezydenckich, pokazuj\u0105c przywi\u0105zanie do demokracji i zasad wolnych wybor\u00f3w \u2013 powiedzia\u0142.<\/p>\n<p>Cho\u0107 nie odni\u00f3s\u0142 si\u0119 wprost do nazwiska nowego prezydenta, Tusk pogratulowa\u0142 jego wyborcom i podzi\u0119kowa\u0142 kandydatowi przegranemu za walk\u0119 \u201eo ka\u017cdy g\u0142os\u201d. \u2013 Wybory prezydenckie niczego nie zmieni\u0142y i nie zmieni\u0105. Jako premier nie zatrzymam si\u0119 ani na chwil\u0119 w pracy na rzecz Polski wolnej, bezpiecznej i dostatniej \u2013 zaznaczy\u0142.<\/p>\n<p>Tusk zapewni\u0142, \u017ce rz\u0105d b\u0119dzie sk\u0142ada\u0142 gotowe projekty ustaw i podejmowa\u0142 decyzje nawet w obliczu pr\u00f3b blokowania zmian przez prezydenta. \u2013 Przed nami ogrom pracy: od polityki mi\u0119dzynarodowej, przez budow\u0119 silnej armii i gospodarki, po bezpiecze\u0144stwo socjalne, us\u0142ugi publiczne i walk\u0119 z przest\u0119pczo\u015bci\u0105 \u2013 wylicza\u0142.<\/p>\n<p>Premier zaapelowa\u0142 o jedno\u015b\u0107 w ramach Koalicji 15 Pa\u017adziernika. \u2013 Ten plan wymaga odwagi i wsp\u00f3\u0142dzia\u0142ania. Chc\u0119, by tak\u017ce nasi przeciwnicy, w kraju i za granic\u0105, zobaczyli, \u017ce rozumiemy powag\u0119 sytuacji i nie cofniemy si\u0119 ani o krok \u2013 m\u00f3wi\u0142.<\/p>\n<p>Zwr\u00f3ci\u0142 si\u0119 te\u017c do wyborc\u00f3w Rafa\u0142a Trzaskowskiego: \u2013 Jedziemy dalej. Wiem, co czujecie, ale pami\u0119tajmy: um\u00f3wili\u015bmy si\u0119 na co\u015b wielkiego. To wymaga si\u0142y, wytrwa\u0142o\u015bci i mo\u017ce wi\u0119cej czasu, ni\u017c by\u015bmy chcieli. W demokracji walka nigdy si\u0119 nie ko\u0144czy.<\/p>\n<p>\u2013 Wierz\u0119 w was. Wierz\u0119 w Polsk\u0119 \u2013 zako\u0144czy\u0142 Tusk.<\/p>\n<p style=\"text-align: right\"><em>Na podst. Polsat News<\/em><\/p>\n","protected":false},"excerpt":{"rendered":"<p>W pierwszym wyst\u0105pieniu po wyborach prezydenckich premier Donald Tusk zapowiedzia\u0142, \u017ce nie zamierza zwalnia\u0107 tempa. Z\u0142o\u017cy wniosek o wotum zaufania i wdro\u017cy plan dzia\u0142ania mimo&hellip;<\/p>\n","protected":false},"author":3,"featured_media":1688,"comment_status":"open","ping_status":"open","sticky":false,"template":"","format":"standard","meta":{"footnotes":""},"categories":[14,18],"tags":[],"class_list":["post-1687","post","type-post","status-publish","format-standard","has-post-thumbnail","hentry","category-polska","category-top-news"],"_links":{"self":[{"href":"https:\/\/radiopoloniawinnipeg.com\/index.php\/wp-json\/wp\/v2\/posts\/1687","targetHints":{"allow":["GET"]}}],"collection":[{"href":"https:\/\/radiopoloniawinnipeg.com\/index.php\/wp-json\/wp\/v2\/posts"}],"about":[{"href":"https:\/\/radiopoloniawinnipeg.com\/index.php\/wp-json\/wp\/v2\/types\/post"}],"author":[{"embeddable":true,"href":"https:\/\/radiopoloniawinnipeg.com\/index.php\/wp-json\/wp\/v2\/users\/3"}],"replies":[{"embeddable":true,"href":"https:\/\/radiopoloniawinnipeg.com\/index.php\/wp-json\/wp\/v2\/comments?post=1687"}],"version-history":[{"count":0,"href":"https:\/\/radiopoloniawinnipeg.com\/index.php\/wp-json\/wp\/v2\/posts\/1687\/revisions"}],"wp:featuredmedia":[{"embeddable":true,"href":"https:\/\/radiopoloniawinnipeg.com\/index.php\/wp-json\/wp\/v2\/media\/1688"}],"wp:attachment":[{"href":"https:\/\/radiopoloniawinnipeg.com\/index.php\/wp-json\/wp\/v2\/media?parent=1687"}],"wp:term":[{"taxonomy":"category","embeddable":true,"href":"https:\/\/radiopoloniawinnipeg.com\/index.php\/wp-json\/wp\/v2\/categories?post=1687"},{"taxonomy":"post_tag","embeddable":true,"href":"https:\/\/radiopoloniawinnipeg.com\/index.php\/wp-json\/wp\/v2\/tags?post=1687"}],"curies":[{"name":"wp","href":"https:\/\/api.w.org\/{rel}","templated":true}]}}