{"id":1693,"date":"2025-06-03T12:30:05","date_gmt":"2025-06-03T16:30:05","guid":{"rendered":"https:\/\/radiopoloniawinnipeg.com\/index.php\/2025\/06\/03\/usa-gratuluja-nawrockiemu-rubio-nowy-rozdzial-dla-polski\/"},"modified":"2025-06-03T12:30:05","modified_gmt":"2025-06-03T16:30:05","slug":"usa-gratuluja-nawrockiemu-rubio-nowy-rozdzial-dla-polski","status":"publish","type":"post","link":"https:\/\/radiopoloniawinnipeg.com\/index.php\/2025\/06\/03\/usa-gratuluja-nawrockiemu-rubio-nowy-rozdzial-dla-polski\/","title":{"rendered":"USA gratuluj\u0105 Nawrockiemu. Rubio: \u201eNowy rozdzia\u0142 dla Polski\u201d"},"content":{"rendered":"<div id=\"attachment_213714\" style=\"width: 646px\" class=\"wp-caption aligncenter\"><img decoding=\"async\" loading=\"lazy\" aria-describedby=\"caption-attachment-213714\" class=\"size-custom-full-size wp-image-213714\" src=\"https:\/\/bejsment.com\/wp-content\/uploads\/2025\/06\/aarubio-636x358.jpg\" alt=\"\" width=\"636\" height=\"358\" \/><\/p>\n<p id=\"caption-attachment-213714\" class=\"wp-caption-text\">Marco Rubio<\/p>\n<\/div>\n<p><strong>Ameryka\u0144ski sekretarz stanu Marco Rubio jako pierwszy przedstawiciel administracji Donalda Trumpa oficjalnie pogratulowa\u0142 Karolowi Nawrockiemu zwyci\u0119stwa w wyborach prezydenckich. \u201eW Polsce rozpoczyna si\u0119 nowy rozdzia\u0142. Razem stworzymy najbardziej ambitny sojusz w historii\u201d \u2013 napisa\u0142 Rubio w mediach spo\u0142eczno\u015bciowych.<\/strong><\/p>\n<p>W swoim wpisie na platformie X podkre\u015bli\u0142, \u017ce \u201ePolacy wypowiedzieli si\u0119 i popieraj\u0105 silniejsze wojsko oraz zabezpieczenie granic\u201d. Zapowiedzia\u0142 r\u00f3wnie\u017c blisk\u0105 wsp\u00f3\u0142prac\u0119 z prezydentem elektem i polskim rz\u0105dem w obszarach obronno\u015bci, energetyki i handlu.<\/p>\n<p>Wpis Rubio pojawi\u0142 si\u0119 kilkana\u015bcie godzin po og\u0142oszeniu przez PKW oficjalnych wynik\u00f3w drugiej tury. Kandydat Prawa i Sprawiedliwo\u015bci Karol Nawrocki zdoby\u0142 50,89 proc. g\u0142os\u00f3w, pokonuj\u0105c Rafa\u0142a Trzaskowskiego z Koalicji Obywatelskiej.<\/p>\n<p>Cho\u0107 sam Donald Trump jeszcze nie zabra\u0142 g\u0142osu, jego administracja aktywnie wspiera\u0142a Nawrockiego podczas kampanii. Prezydent elekt odwiedzi\u0142 Bia\u0142y Dom, a minister bezpiecze\u0144stwa krajowego Kristi Noem podczas wizyty w Rzeszowie otwarcie popar\u0142a jego kandydatur\u0119.<\/p>\n<p>Zagraniczne media zwracaj\u0105 uwag\u0119 na blisko\u015b\u0107 Nawrockiego z ameryka\u0144sk\u0105 prawic\u0105. Du\u0144ska gazeta Berlingske okre\u015bli\u0142a go mianem \u201ecz\u0142owieka Trumpa w Europie\u201d, natomiast szwedzka agencja TT zauwa\u017cy\u0142a, \u017ce wyb\u00f3r prezesa IPN mo\u017ce oznacza\u0107 nowego silnego sojusznika Trumpa w UE.<\/p>\n<p>Cz\u0119\u015b\u0107 analiz podkre\u015bla, \u017ce zwyci\u0119stwo Nawrockiego mo\u017ce wp\u0142yn\u0105\u0107 na przysz\u0142e decyzje Polski w sprawie dalszego wsparcia dla Ukrainy \u2013 nowy prezydent elekt uchodzi za sceptycznego wobec kontynuowania obecnego kursu w tej sprawie.<\/p>\n<p style=\"text-align: right\"><em>Na podst. AP<\/em><\/p>\n","protected":false},"excerpt":{"rendered":"<p>Marco Rubio Ameryka\u0144ski sekretarz stanu Marco Rubio jako pierwszy przedstawiciel administracji Donalda Trumpa oficjalnie pogratulowa\u0142 Karolowi Nawrockiemu zwyci\u0119stwa w wyborach prezydenckich. \u201eW Polsce rozpoczyna si\u0119&hellip;<\/p>\n","protected":false},"author":3,"featured_media":1694,"comment_status":"open","ping_status":"open","sticky":false,"template":"","format":"standard","meta":{"footnotes":""},"categories":[15,18],"tags":[],"class_list":["post-1693","post","type-post","status-publish","format-standard","has-post-thumbnail","hentry","category-swiat","category-top-news"],"_links":{"self":[{"href":"https:\/\/radiopoloniawinnipeg.com\/index.php\/wp-json\/wp\/v2\/posts\/1693","targetHints":{"allow":["GET"]}}],"collection":[{"href":"https:\/\/radiopoloniawinnipeg.com\/index.php\/wp-json\/wp\/v2\/posts"}],"about":[{"href":"https:\/\/radiopoloniawinnipeg.com\/index.php\/wp-json\/wp\/v2\/types\/post"}],"author":[{"embeddable":true,"href":"https:\/\/radiopoloniawinnipeg.com\/index.php\/wp-json\/wp\/v2\/users\/3"}],"replies":[{"embeddable":true,"href":"https:\/\/radiopoloniawinnipeg.com\/index.php\/wp-json\/wp\/v2\/comments?post=1693"}],"version-history":[{"count":0,"href":"https:\/\/radiopoloniawinnipeg.com\/index.php\/wp-json\/wp\/v2\/posts\/1693\/revisions"}],"wp:featuredmedia":[{"embeddable":true,"href":"https:\/\/radiopoloniawinnipeg.com\/index.php\/wp-json\/wp\/v2\/media\/1694"}],"wp:attachment":[{"href":"https:\/\/radiopoloniawinnipeg.com\/index.php\/wp-json\/wp\/v2\/media?parent=1693"}],"wp:term":[{"taxonomy":"category","embeddable":true,"href":"https:\/\/radiopoloniawinnipeg.com\/index.php\/wp-json\/wp\/v2\/categories?post=1693"},{"taxonomy":"post_tag","embeddable":true,"href":"https:\/\/radiopoloniawinnipeg.com\/index.php\/wp-json\/wp\/v2\/tags?post=1693"}],"curies":[{"name":"wp","href":"https:\/\/api.w.org\/{rel}","templated":true}]}}