{"id":1695,"date":"2025-06-03T14:30:06","date_gmt":"2025-06-03T18:30:06","guid":{"rendered":"https:\/\/radiopoloniawinnipeg.com\/index.php\/2025\/06\/03\/giertych-zada-rozliczen\/"},"modified":"2025-06-03T14:30:06","modified_gmt":"2025-06-03T18:30:06","slug":"giertych-zada-rozliczen","status":"publish","type":"post","link":"https:\/\/radiopoloniawinnipeg.com\/index.php\/2025\/06\/03\/giertych-zada-rozliczen\/","title":{"rendered":"Giertych \u017c\u0105da rozlicze\u0144"},"content":{"rendered":"<p><img decoding=\"async\" loading=\"lazy\" class=\"aligncenter size-custom-full-size wp-image-213703\" src=\"https:\/\/bejsment.com\/wp-content\/uploads\/2025\/06\/aagiertych-636x358.jpg\" alt=\"\" width=\"636\" height=\"358\" \/><\/p>\n<p><strong>Po przegranych wyborach prezydenckich Roman Giertych nie przebiera w s\u0142owach. Win\u0105 obarcza sztab Trzaskowskiego i apeluje o g\u0142\u0119bokie zmiany. \u2013 To nie Tusk zawini\u0142, tylko ci, kt\u00f3rzy prowadzili kampani\u0119 \u2013 stwierdzi\u0142.<\/strong><\/p>\n<p>Roman Giertych skrytykowa\u0142 sztab Rafa\u0142a Trzaskowskiego za spos\u00f3b prowadzenia kampanii prezydenckiej i wezwa\u0142 do wyci\u0105gni\u0119cia konsekwencji personalnych po pora\u017cce. \u2013 To by\u0142a kiepska kampania. Pewne osoby musz\u0105 wzi\u0105\u0107 za to odpowiedzialno\u015b\u0107 \u2013 powiedzia\u0142 w rozmowie z Polsat News.<\/p>\n<p>Karol Nawrocki, kandydat wspierany przez PiS, zwyci\u0119\u017cy\u0142 w wyborach prezydenckich, zdobywaj\u0105c 50,89 proc. g\u0142os\u00f3w. Rafa\u0142 Trzaskowski, kandydat Koalicji Obywatelskiej, uzyska\u0142 49,11 proc.<\/p>\n<p>\u2013 Musz\u0105 nast\u0105pi\u0107 g\u0142\u0119bokie zmiany. Widzia\u0142bym nowe twarze, m\u0142odych ludzi w administracji, ale przede wszystkim popraw\u0119 komunikacji rz\u0105du \u2013 zaznaczy\u0142 Giertych.<\/p>\n<p>Polityk KO jednoznacznie obci\u0105\u017cy\u0142 win\u0105 sztab Trzaskowskiego. \u2013 Nie ma co pudrowa\u0107. Kampania by\u0142a nieskuteczna, \u017ale zaplanowana, \u017ale poprowadzona. Nie mo\u017cna dopu\u015bci\u0107, by te same osoby przegrywa\u0142y kolejne wybory bez \u017cadnych konsekwencji \u2013 oceni\u0142.<\/p>\n<p>\u2013 Je\u015bli kto\u015b przegra\u0142, to niech we\u017amie to na siebie. S\u0142uchanie, \u017ce za pora\u017ck\u0119 Trzaskowskiego odpowiada Tusk, jest po prostu absurdalne. Premier praktycznie nie bra\u0142 udzia\u0142u w tej kampanii \u2013 doda\u0142.<\/p>\n<p>Wed\u0142ug Giertycha, wywiad Donalda Tuska dla Polsat News, w kt\u00f3rym premier przypomina\u0142 przesz\u0142o\u015b\u0107 Karola Nawrockiego, by\u0142 potrzebnym elementem kampanii. \u2013 To by\u0142 jeden z kilkunastu mocnych ruch\u00f3w. Nie przesadzajmy z jego znaczeniem \u2013 stwierdzi\u0142.<\/p>\n<p>Przypomnia\u0142 te\u017c, \u017ce w prawyborach KO popiera\u0142 innego kandydata. \u2013 Uwa\u017ca\u0142em, \u017ce je\u015bli chcemy dotrze\u0107 do wyborc\u00f3w Konfederacji i PSL, musimy wystawi\u0107 mniej progresywnego kandydata. Okaza\u0142o si\u0119, \u017ce mia\u0142em racj\u0119 \u2013 powiedzia\u0142.<\/p>\n<p>Giertych skrytykowa\u0142 elitarne my\u015blenie cz\u0119\u015bci zaplecza KO. \u2013 Warszawska ba\u0144ka my\u015bla\u0142a, \u017ce jak co\u015b dzieje si\u0119 na placu Bankowym, to tak samo wygl\u0105da w Ko\u0144skich. A wybory wygrywa si\u0119 w\u0142a\u015bnie w Ko\u0144skich \u2013 oceni\u0142.<\/p>\n<p>Jego zdaniem kampania by\u0142a skierowana niemal wy\u0142\u0105cznie do elektoratu lewicowego. \u2013 Polska jest krajem konserwatywnym. \u017beby wygrywa\u0107 wybory, trzeba m\u00f3wi\u0107 te\u017c do wyborc\u00f3w centroprawicy \u2013 podkre\u015bli\u0142.<\/p>\n<p>Giertych odni\u00f3s\u0142 si\u0119 r\u00f3wnie\u017c do spekulacji, \u017ce m\u00f3g\u0142by obj\u0105\u0107 stanowisko ministra sprawiedliwo\u015bci. \u2013 Nie wybieram si\u0119 do rz\u0105du. Nie ma takiej propozycji ani z mojej strony ch\u0119ci. Cho\u0107 uwa\u017cam, \u017ce w ministerstwie sprawiedliwo\u015bci potrzebne s\u0105 zmiany \u2013 zaznaczy\u0142.<\/p>\n<p>Jak doda\u0142, obecne funkcjonowanie prokuratury nie spe\u0142nia jego oczekiwa\u0144. \u2013 Widz\u0119 potrzeb\u0119 zmian, mo\u017ce st\u0105d pojawi\u0142y si\u0119 te spekulacje \u2013 doda\u0142.<\/p>\n<p style=\"text-align: right\"><em>Na podst. Polsat News<\/em><\/p>\n","protected":false},"excerpt":{"rendered":"<p>Po przegranych wyborach prezydenckich Roman Giertych nie przebiera w s\u0142owach. Win\u0105 obarcza sztab Trzaskowskiego i apeluje o g\u0142\u0119bokie zmiany. \u2013 To nie Tusk zawini\u0142, tylko&hellip;<\/p>\n","protected":false},"author":3,"featured_media":1696,"comment_status":"open","ping_status":"open","sticky":false,"template":"","format":"standard","meta":{"footnotes":""},"categories":[14,18],"tags":[],"class_list":["post-1695","post","type-post","status-publish","format-standard","has-post-thumbnail","hentry","category-polska","category-top-news"],"_links":{"self":[{"href":"https:\/\/radiopoloniawinnipeg.com\/index.php\/wp-json\/wp\/v2\/posts\/1695","targetHints":{"allow":["GET"]}}],"collection":[{"href":"https:\/\/radiopoloniawinnipeg.com\/index.php\/wp-json\/wp\/v2\/posts"}],"about":[{"href":"https:\/\/radiopoloniawinnipeg.com\/index.php\/wp-json\/wp\/v2\/types\/post"}],"author":[{"embeddable":true,"href":"https:\/\/radiopoloniawinnipeg.com\/index.php\/wp-json\/wp\/v2\/users\/3"}],"replies":[{"embeddable":true,"href":"https:\/\/radiopoloniawinnipeg.com\/index.php\/wp-json\/wp\/v2\/comments?post=1695"}],"version-history":[{"count":0,"href":"https:\/\/radiopoloniawinnipeg.com\/index.php\/wp-json\/wp\/v2\/posts\/1695\/revisions"}],"wp:featuredmedia":[{"embeddable":true,"href":"https:\/\/radiopoloniawinnipeg.com\/index.php\/wp-json\/wp\/v2\/media\/1696"}],"wp:attachment":[{"href":"https:\/\/radiopoloniawinnipeg.com\/index.php\/wp-json\/wp\/v2\/media?parent=1695"}],"wp:term":[{"taxonomy":"category","embeddable":true,"href":"https:\/\/radiopoloniawinnipeg.com\/index.php\/wp-json\/wp\/v2\/categories?post=1695"},{"taxonomy":"post_tag","embeddable":true,"href":"https:\/\/radiopoloniawinnipeg.com\/index.php\/wp-json\/wp\/v2\/tags?post=1695"}],"curies":[{"name":"wp","href":"https:\/\/api.w.org\/{rel}","templated":true}]}}