{"id":1703,"date":"2025-06-03T18:15:05","date_gmt":"2025-06-03T22:15:05","guid":{"rendered":"https:\/\/radiopoloniawinnipeg.com\/index.php\/2025\/06\/03\/marta-nawrocka-kim-jest-nowa-pierwsza-dama\/"},"modified":"2025-06-03T18:15:05","modified_gmt":"2025-06-03T22:15:05","slug":"marta-nawrocka-kim-jest-nowa-pierwsza-dama","status":"publish","type":"post","link":"https:\/\/radiopoloniawinnipeg.com\/index.php\/2025\/06\/03\/marta-nawrocka-kim-jest-nowa-pierwsza-dama\/","title":{"rendered":"Marta Nawrocka \u2013 kim jest nowa pierwsza dama?"},"content":{"rendered":"<div id=\"attachment_213708\" style=\"width: 646px\" class=\"wp-caption aligncenter\"><img decoding=\"async\" loading=\"lazy\" aria-describedby=\"caption-attachment-213708\" class=\"size-custom-full-size wp-image-213708\" src=\"https:\/\/bejsment.com\/wp-content\/uploads\/2025\/06\/aamarta-636x424.jpeg\" alt=\"\" width=\"636\" height=\"424\" \/><\/p>\n<p id=\"caption-attachment-213708\" class=\"wp-caption-text\">Gdansk, 13.02.2025<br \/>Wywiad Marcina Wikly z \u017con\u0105 kadnydata na prezydenta RP Karola Nawrockiego<br \/>NZ Marta Nawrocka Marcin Wiklo<br \/>fot Andrzej Wiktor<\/p>\n<\/div>\n<p><strong>Po og\u0142oszeniu oficjalnych wynik\u00f3w wybor\u00f3w prezydenckich sta\u0142o si\u0119 jasne, \u017ce Marta Nawrocka zostanie now\u0105 pierwsz\u0105 dam\u0105 Rzeczypospolitej. \u017bona Karola Nawrockiego, zwyci\u0119zcy drugiej tury, \u0142\u0105czy w sobie do\u015bwiadczenie urz\u0119dniczki, matki i kobiety zaanga\u017cowanej spo\u0142ecznie.<\/strong><\/p>\n<p>Urodzi\u0142a si\u0119 w 1986 roku w Gda\u0144sku. Uko\u0144czy\u0142a prawo i administracj\u0119 na Uniwersytecie Gda\u0144skim. Od blisko 20 lat zwi\u0105zana jest z Krajow\u0105 Administracj\u0105 Skarbow\u0105, gdzie specjalizuje si\u0119 w zwalczaniu przest\u0119pczo\u015bci gospodarczej. Nadzoruje dzia\u0142ania dotycz\u0105ce kontroli sektora paliwowego i spirytusowego, a tak\u017ce walki z nielegalnym hazardem.<\/p>\n<p>W rozmowie z tygodnikiem <em>Sieci<\/em> opowiada\u0142a, \u017ce jej praca cz\u0119sto ma charakter operacyjny i bywa r\u00f3wnie dynamiczna co niebezpieczna: \u2013 Czasem wchodzimy z broni\u0105 do miejsc, gdzie s\u0105 nielegalne automaty. Trzeba wywa\u017ca\u0107 drzwi, obezw\u0142adnia\u0107 podejrzanych. To dzia\u0142ania wobec grup mafijnych. Regularnie \u0107wicz\u0119, by zachowa\u0107 sprawno\u015b\u0107 i ucz\u0119szczam na strzelnic\u0119 \u2013 relacjonowa\u0142a.<\/p>\n<p>Prywatnie Marta Nawrocka jest \u017con\u0105 Karola Nawrockiego i mam\u0105 tr\u00f3jki dzieci: Daniela, Antoniego i Katarzyny. Cho\u0107 dot\u0105d unika\u0142a rozg\u0142osu, w kampanii wyborczej zacz\u0119\u0142a cz\u0119\u015bciej pojawia\u0107 si\u0119 publicznie, wspieraj\u0105c m\u0119\u017ca i promuj\u0105c bliskie im warto\u015bci: patriotyzm, wsp\u00f3lnot\u0119 i przywi\u0105zanie do tradycji.<\/p>\n<p>Nowa pierwsza dama aktywnie prowadzi media spo\u0142eczno\u015bciowe, gdzie pokazuje swoje codzienne \u017cycie \u2013 jako matki, urz\u0119dniczki i obywatelki. W m\u0142odo\u015bci ucz\u0119szcza\u0142a do Pa\u0144stwowej Szko\u0142y Baletowej w Gda\u0144sku i pasjonowa\u0142a si\u0119 ta\u0144cem klasycznym, kt\u00f3ry \u2013 jak m\u00f3wi \u2013 nauczy\u0142 j\u0105 wytrwa\u0142o\u015bci i dyscypliny.<\/p>\n<p>Marta Nawrocka zapowiada, \u017ce nie zamierza ogranicza\u0107 si\u0119 do funkcji ceremonialnej. \u2013 Je\u015bli przyjdzie mi zosta\u0107 pierwsz\u0105 dam\u0105, chc\u0119 by\u0107 blisko ludzi i naprawd\u0119 ich s\u0142ucha\u0107. Przychodz\u0119 z zewn\u0105trz, moje \u017cycie zawodowe by\u0142o zupe\u0142nie inne \u2013 m\u00f3wi\u0142a na antenie Polsatu.<\/p>\n<p>W\u015br\u00f3d jej priorytet\u00f3w jako pierwszej damy znajduj\u0105 si\u0119 dzia\u0142ania na rzecz os\u00f3b z niepe\u0142nosprawno\u015bciami i ich rodzin. Planuje promowa\u0107 integracj\u0119, popraw\u0119 dost\u0119pno\u015bci przestrzeni publicznej oraz wspiera\u0107 opiekun\u00f3w dzieci z niepe\u0142nosprawno\u015bciami.<\/p>\n<p>Szczeg\u00f3ln\u0105 wag\u0119 przywi\u0105zuje tak\u017ce do edukacji patriotycznej i obywatelskiej. Chce wzmacnia\u0107 \u015bwiadomo\u015b\u0107 historyczn\u0105 w\u015br\u00f3d m\u0142odzie\u017cy oraz propagowa\u0107 warto\u015bci narodowe w kulturze i przestrzeni publicznej.<\/p>\n<p>Podkre\u015bla, \u017ce zamierza wspiera\u0107 m\u0119\u017ca w jego misji, ale zachowa\u0107 przy tym w\u0142asn\u0105 to\u017csamo\u015b\u0107 i niezale\u017cno\u015b\u0107. \u2013 Chc\u0119 by\u0107 przyk\u0142adem kobiety, kt\u00f3ra \u0142\u0105czy \u017cycie zawodowe z zaanga\u017cowaniem spo\u0142ecznym i rodzinnym \u2013 deklaruje Marta Nawrocka.<\/p>\n<p style=\"text-align: right\"><em>Na podst. Polsat News<\/em><\/p>\n","protected":false},"excerpt":{"rendered":"<p>Gdansk, 13.02.2025Wywiad Marcina Wikly z \u017con\u0105 kadnydata na prezydenta RP Karola NawrockiegoNZ Marta Nawrocka Marcin Wiklofot Andrzej Wiktor Po og\u0142oszeniu oficjalnych wynik\u00f3w wybor\u00f3w prezydenckich sta\u0142o&hellip;<\/p>\n","protected":false},"author":3,"featured_media":1704,"comment_status":"open","ping_status":"open","sticky":false,"template":"","format":"standard","meta":{"footnotes":""},"categories":[14,18],"tags":[],"class_list":["post-1703","post","type-post","status-publish","format-standard","has-post-thumbnail","hentry","category-polska","category-top-news"],"_links":{"self":[{"href":"https:\/\/radiopoloniawinnipeg.com\/index.php\/wp-json\/wp\/v2\/posts\/1703","targetHints":{"allow":["GET"]}}],"collection":[{"href":"https:\/\/radiopoloniawinnipeg.com\/index.php\/wp-json\/wp\/v2\/posts"}],"about":[{"href":"https:\/\/radiopoloniawinnipeg.com\/index.php\/wp-json\/wp\/v2\/types\/post"}],"author":[{"embeddable":true,"href":"https:\/\/radiopoloniawinnipeg.com\/index.php\/wp-json\/wp\/v2\/users\/3"}],"replies":[{"embeddable":true,"href":"https:\/\/radiopoloniawinnipeg.com\/index.php\/wp-json\/wp\/v2\/comments?post=1703"}],"version-history":[{"count":0,"href":"https:\/\/radiopoloniawinnipeg.com\/index.php\/wp-json\/wp\/v2\/posts\/1703\/revisions"}],"wp:featuredmedia":[{"embeddable":true,"href":"https:\/\/radiopoloniawinnipeg.com\/index.php\/wp-json\/wp\/v2\/media\/1704"}],"wp:attachment":[{"href":"https:\/\/radiopoloniawinnipeg.com\/index.php\/wp-json\/wp\/v2\/media?parent=1703"}],"wp:term":[{"taxonomy":"category","embeddable":true,"href":"https:\/\/radiopoloniawinnipeg.com\/index.php\/wp-json\/wp\/v2\/categories?post=1703"},{"taxonomy":"post_tag","embeddable":true,"href":"https:\/\/radiopoloniawinnipeg.com\/index.php\/wp-json\/wp\/v2\/tags?post=1703"}],"curies":[{"name":"wp","href":"https:\/\/api.w.org\/{rel}","templated":true}]}}