{"id":1725,"date":"2025-06-04T20:15:04","date_gmt":"2025-06-05T00:15:04","guid":{"rendered":"https:\/\/radiopoloniawinnipeg.com\/index.php\/2025\/06\/04\/kanada-rozwaza-dolaczenie-do-europejskiego-programu-budowy-okretow-podwodnych\/"},"modified":"2025-06-04T20:15:04","modified_gmt":"2025-06-05T00:15:04","slug":"kanada-rozwaza-dolaczenie-do-europejskiego-programu-budowy-okretow-podwodnych","status":"publish","type":"post","link":"https:\/\/radiopoloniawinnipeg.com\/index.php\/2025\/06\/04\/kanada-rozwaza-dolaczenie-do-europejskiego-programu-budowy-okretow-podwodnych\/","title":{"rendered":"Kanada rozwa\u017ca do\u0142\u0105czenie do europejskiego programu budowy okr\u0119t\u00f3w podwodnych"},"content":{"rendered":"<div id=\"attachment_213767\" style=\"width: 646px\" class=\"wp-caption aligncenter\"><img decoding=\"async\" loading=\"lazy\" aria-describedby=\"caption-attachment-213767\" class=\"size-custom-full-size wp-image-213767\" src=\"https:\/\/bejsment.com\/wp-content\/uploads\/2025\/06\/aaokret-636x358.jpg\" alt=\"\" width=\"636\" height=\"358\" \/><\/p>\n<p id=\"caption-attachment-213767\" class=\"wp-caption-text\">Starzej\u0105ce si\u0119 okr\u0119ty podwodne klasy Victoria nale\u017c\u0105ce do Kr\u00f3lewskiej Kanadyjskiej Marynarki Wojennej maj\u0105 zosta\u0107 zast\u0105pione. Kanada zwraca si\u0119 do stoczniowc\u00f3w z pro\u015bb\u0105 o ich dostarczenie, spodziewaj\u0105c si\u0119, \u017ce pierwszy okr\u0119t podwodny zostanie dostarczony do 2035 r.<\/p>\n<\/div>\n<p><strong>Kanada rozwa\u017ca do\u0142\u0105czenie do programu ReArm Europe, co mo\u017ce otworzy\u0107 drog\u0119 do zakupu nowoczesnych okr\u0119t\u00f3w podwodnych od Niemiec i Norwegii. Europejscy partnerzy licz\u0105, \u017ce Ottawa podejmie decyzj\u0119 w najbli\u017cszych tygodniach \u2013 to alternatywa wobec konkurencyjnej oferty z Korei Po\u0142udniowej.<\/strong><\/p>\n<p>Jasper Wieck, dyrektor polityczny niemieckiego Ministerstwa Obrony, oraz kapitan Oystein Storebo, szef norweskiego programu okr\u0119t\u00f3w podwodnych, w rozmowie z CBC News wyrazili przekonanie, \u017ce Kanada do\u0142\u0105czy do ich partnerstwa w najbli\u017cszych tygodniach. Oba kraje wsp\u00f3lnie realizuj\u0105 wart 8,1 miliarda dolar\u00f3w program budowy nowoczesnych jednostek typu 212CD, kt\u00f3re wejd\u0105 do s\u0142u\u017cby ju\u017c w 2028 roku.<\/p>\n<p>Tymczasem konkurencja nie \u015bpi. W ostatnich tygodniach dwie po\u0142udniowokorea\u0144skie stocznie z\u0142o\u017cy\u0142y niezale\u017cn\u0105, wart\u0105 24 miliardy dolar\u00f3w ofert\u0119 na budow\u0119 12 okr\u0119t\u00f3w dla Kanady. Korea\u0144czycy zadeklarowali, \u017ce mog\u0105 dostarczy\u0107 cztery jednostki do 2035 roku, co pokrywa si\u0119 z terminami zak\u0142adanymi przez marynark\u0119.<\/p>\n<div id=\"attachment_213766\" style=\"width: 646px\" class=\"wp-caption aligncenter\"><img decoding=\"async\" loading=\"lazy\" aria-describedby=\"caption-attachment-213766\" class=\"size-custom-full-size wp-image-213766\" src=\"https:\/\/bejsment.com\/wp-content\/uploads\/2025\/06\/aaokret2-636x371.jpg\" alt=\"\" width=\"636\" height=\"371\" \/><\/p>\n<p id=\"caption-attachment-213766\" class=\"wp-caption-text\">Model okr\u0119tu podwodnego Hanwha KSS-III widziany w Canadian Association of Defence and Security Industries w Ottawie w zesz\u0142ym miesi\u0105cu. Firma nawi\u0105za\u0142a wsp\u00f3\u0142prac\u0119 z inn\u0105 korea\u0144sk\u0105 firm\u0105, aby przedstawi\u0107 Kanadzie umow\u0119 na okr\u0119t podwodny, kt\u00f3ra mo\u017ce by\u0107 warta ponad 24 miliardy dolar\u00f3w.<\/p>\n<\/div>\n<p>Cho\u0107 jesieni\u0105 ubieg\u0142ego roku rz\u0105d federalny wys\u0142a\u0142 zapytania ofertowe do zagranicznych producent\u00f3w, tylko Korea\u0144czycy zdecydowali si\u0119 przedstawi\u0107 kompleksow\u0105 propozycj\u0119. Niemcy i Norwegowie pozostaj\u0105 w gotowo\u015bci, ale czekaj\u0105 na uruchomienie formalnej procedury przez Ottaw\u0119.<\/p>\n<p>Partnerstwo z krajami NATO, zdaniem Storebo, ma dodatkow\u0105 warto\u015b\u0107 strategiczn\u0105. \u201eOferujemy prawdziwe partnerstwo \u2013 mi\u0119dzy przemys\u0142em i rz\u0105dami \u2013 w ramach znanej i sprawdzonej rodziny\u201d \u2013 podkre\u015bli\u0142. W kuluarach nie ukrywa si\u0119, \u017ce to r\u00f3wnie\u017c element nieformalnej presji europejskich pa\u0144stw na odrzucenie po\u0142udniowokorea\u0144skiej oferty.<\/p>\n<p>W zesz\u0142ym roku, podczas szczytu NATO, Kanada, Niemcy i Norwegia podpisa\u0142y tr\u00f3jstronny list intencyjny w sprawie pog\u0142\u0119bienia wsp\u00f3\u0142pracy na p\u00f3\u0142nocnym Atlantyku. Wieck podkre\u015bla, \u017ce do\u0142\u0105czenie Kanady do ReArm Europe by\u0142oby nie tylko wzmocnieniem sojuszniczej sp\u00f3jno\u015bci, ale i otworzy\u0142oby dost\u0119p do unijnych program\u00f3w i zach\u0119t, mimo \u017ce Kanada nie jest cz\u0142onkiem UE.<\/p>\n<p>Okr\u0119ty typu 212CD, opracowane przez niemieck\u0105 stoczni\u0119 ThyssenKrupp Marine Systems (tkMS), zosta\u0142y zaprojektowane do globalnych misji, w tym operowania w arktycznych wodach \u2013 nawet przez trzy tygodnie bez wynurzania, dzi\u0119ki nowoczesnemu nap\u0119dowi niezale\u017cnemu od powietrza.<\/p>\n<p>Obecnie w budowie znajduje si\u0119 sze\u015b\u0107 takich jednostek \u2013 dwie dla Niemiec i cztery dla Norwegii. Kanada mog\u0142aby do\u0142\u0105czy\u0107 do programu poprzez przeprojektowanie jednej z ju\u017c planowanych \u0142odzi. Jak m\u00f3wi CEO tkMS Oliver Burkhard, wszystko zale\u017cy od szybko\u015bci dzia\u0142ania strony kanadyjskiej. Firma zadeklarowa\u0142a tak\u017ce gotowo\u015b\u0107 budowy w Kanadzie centrum serwisowego dla tych okr\u0119t\u00f3w, co oznacza\u0142oby nowe miejsca pracy \u2013 aspekt kluczowy dla rz\u0105du w Ottawie.<\/p>\n<p>Proponowane partnerstwo mia\u0142oby przypomina\u0107 struktur\u0105 pakt AUKUS (USA\u2013Wielka Brytania\u2013Australia), jednak bez komponentu nuklearnego, kt\u00f3rego Kanada nie planuje rozwija\u0107. Cho\u0107 Ottawa nie zosta\u0142a zaproszona do AUKUS, wsp\u00f3\u0142praca z Niemcami i Norwegi\u0105 mo\u017ce stanowi\u0107 dla niej atrakcyjn\u0105 alternatyw\u0119.<\/p>\n<div id=\"attachment_213765\" style=\"width: 646px\" class=\"wp-caption aligncenter\"><img decoding=\"async\" loading=\"lazy\" aria-describedby=\"caption-attachment-213765\" class=\"size-custom-full-size wp-image-213765\" src=\"https:\/\/bejsment.com\/wp-content\/uploads\/2025\/06\/aaczolg-636x358.jpg\" alt=\"\" width=\"636\" height=\"358\" \/><\/p>\n<p id=\"caption-attachment-213765\" class=\"wp-caption-text\">Podczas gdy Ottawa rozwa\u017ca kontrakty na bro\u0144 w USA, po\u0142udniowokorea\u0144scy producenci broni chc\u0105 uzupe\u0142ni\u0107 zapasy kanadyjskiej armii we wszystko, od haubic po okr\u0119ty podwodne.<\/p>\n<\/div>\n<p style=\"text-align: right\"><em>Na podst. CBC<\/em><\/p>\n","protected":false},"excerpt":{"rendered":"<p>Starzej\u0105ce si\u0119 okr\u0119ty podwodne klasy Victoria nale\u017c\u0105ce do Kr\u00f3lewskiej Kanadyjskiej Marynarki Wojennej maj\u0105 zosta\u0107 zast\u0105pione. Kanada zwraca si\u0119 do stoczniowc\u00f3w z pro\u015bb\u0105 o ich dostarczenie,&hellip;<\/p>\n","protected":false},"author":3,"featured_media":1726,"comment_status":"open","ping_status":"open","sticky":false,"template":"","format":"standard","meta":{"footnotes":""},"categories":[12,18],"tags":[],"class_list":["post-1725","post","type-post","status-publish","format-standard","has-post-thumbnail","hentry","category-kanada","category-top-news"],"_links":{"self":[{"href":"https:\/\/radiopoloniawinnipeg.com\/index.php\/wp-json\/wp\/v2\/posts\/1725","targetHints":{"allow":["GET"]}}],"collection":[{"href":"https:\/\/radiopoloniawinnipeg.com\/index.php\/wp-json\/wp\/v2\/posts"}],"about":[{"href":"https:\/\/radiopoloniawinnipeg.com\/index.php\/wp-json\/wp\/v2\/types\/post"}],"author":[{"embeddable":true,"href":"https:\/\/radiopoloniawinnipeg.com\/index.php\/wp-json\/wp\/v2\/users\/3"}],"replies":[{"embeddable":true,"href":"https:\/\/radiopoloniawinnipeg.com\/index.php\/wp-json\/wp\/v2\/comments?post=1725"}],"version-history":[{"count":0,"href":"https:\/\/radiopoloniawinnipeg.com\/index.php\/wp-json\/wp\/v2\/posts\/1725\/revisions"}],"wp:featuredmedia":[{"embeddable":true,"href":"https:\/\/radiopoloniawinnipeg.com\/index.php\/wp-json\/wp\/v2\/media\/1726"}],"wp:attachment":[{"href":"https:\/\/radiopoloniawinnipeg.com\/index.php\/wp-json\/wp\/v2\/media?parent=1725"}],"wp:term":[{"taxonomy":"category","embeddable":true,"href":"https:\/\/radiopoloniawinnipeg.com\/index.php\/wp-json\/wp\/v2\/categories?post=1725"},{"taxonomy":"post_tag","embeddable":true,"href":"https:\/\/radiopoloniawinnipeg.com\/index.php\/wp-json\/wp\/v2\/tags?post=1725"}],"curies":[{"name":"wp","href":"https:\/\/api.w.org\/{rel}","templated":true}]}}