{"id":1729,"date":"2025-06-05T08:30:06","date_gmt":"2025-06-05T12:30:06","guid":{"rendered":"https:\/\/radiopoloniawinnipeg.com\/index.php\/2025\/06\/05\/sikorski-w-berlinie-glos-wyborcow-to-glos-boga\/"},"modified":"2025-06-05T08:30:06","modified_gmt":"2025-06-05T12:30:06","slug":"sikorski-w-berlinie-glos-wyborcow-to-glos-boga","status":"publish","type":"post","link":"https:\/\/radiopoloniawinnipeg.com\/index.php\/2025\/06\/05\/sikorski-w-berlinie-glos-wyborcow-to-glos-boga\/","title":{"rendered":"Sikorski w Berlinie: G\u0142os wyborc\u00f3w to g\u0142os boga"},"content":{"rendered":"<p><img decoding=\"async\" loading=\"lazy\" class=\"aligncenter size-custom-full-size wp-image-213875\" src=\"https:\/\/bejsment.com\/wp-content\/uploads\/2025\/06\/aasikorskiwadepphul-636x424.jpg\" alt=\"\" width=\"636\" height=\"424\" \/><\/p>\n<p><strong>Minister spraw zagranicznych Rados\u0142aw Sikorski podczas wizyty w Berlinie wezwa\u0142 do utrzymania pomocy wojskowej dla Ukrainy oraz podkre\u015bli\u0142 wag\u0119 wsp\u00f3\u0142pracy polsko-niemieckiej w zakresie bezpiecze\u0144stwa wschodniej flanki NATO. Odni\u00f3s\u0142 si\u0119 tak\u017ce do wyboru Karola Nawrockiego na prezydenta Polski, nazywaj\u0105c go potwierdzeniem si\u0142y demokracji.<\/strong><\/p>\n<p>\u2013 Polska i Niemcy maj\u0105 szczeg\u00f3ln\u0105 rol\u0119 do odegrania w zakresie bezpiecze\u0144stwa wschodniej flanki NATO i wsparcia Ukrainy. To nasza wsp\u00f3lna odpowiedzialno\u015b\u0107 i test dla naszej wsp\u00f3\u0142pracy \u2013 powiedzia\u0142 Sikorski po spotkaniu z niemieckim ministrem spraw zagranicznych Johannem Wadephulem.<\/p>\n<p>Szef polskiej dyplomacji podkre\u015bli\u0142, \u017ce w obliczu wygasaj\u0105cego pakietu pomocowego z USA, Europa musi przej\u0105\u0107 wi\u0119ksz\u0105 odpowiedzialno\u015b\u0107 za przysz\u0142o\u015b\u0107 Ukrainy. \u2013 Kluczowe jest utrzymanie wysokiego poziomu wsparcia i kontynuacja dostaw uzbrojenia \u2013 m\u00f3wi\u0142.<\/p>\n<h3><strong>Reaktywacja Forum Polsko-Niemieckiego<\/strong><\/h3>\n<p>Spotkanie ministr\u00f3w odby\u0142o si\u0119 przy okazji otwarcia reaktywowanego po siedmiu latach Forum Polsko-Niemieckiego w Ambasadzie RP w Berlinie.<\/p>\n<p>\u2013 Spo\u0142ecze\u0144stwo obywatelskie to wa\u017cny element naszych relacji. Forum oferuje potrzebn\u0105 platform\u0119 dialogu mi\u0119dzy rz\u0105dami a \u015brodowiskami eksperckimi \u2013 powiedzia\u0142 Sikorski, wyra\u017caj\u0105c nadziej\u0119 na rozw\u00f3j wsp\u00f3\u0142pracy dwustronnej.<\/p>\n<h3><strong>Komentarz po wyborach. \u201eZ demokracj\u0105 si\u0119 nie dyskutuje\u201d<\/strong><\/h3>\n<p>W kontek\u015bcie wyboru Karola Nawrockiego na prezydenta RP, Sikorski podkre\u015bli\u0142, \u017ce wynik wybor\u00f3w to dow\u00f3d na si\u0142\u0119 demokracji w Polsce. \u2013 Z demokracj\u0105 si\u0119 nie dyskutuje, g\u0142os wyborc\u00f3w to g\u0142os boga \u2013 powiedzia\u0142.<\/p>\n<p>Zaznaczy\u0142 jednocze\u015bnie, \u017ce prezydent \u2013 zar\u00f3wno w Polsce, jak i w Niemczech \u2013 nie prowadzi samodzielnie polityki rz\u0105du. \u2013 W Polsce g\u0142owa pa\u0144stwa ma nieco wi\u0119ksze uprawnienia, jak prawo weta, ale polityk\u0119 zagraniczn\u0105 formu\u0142uje Rada Ministr\u00f3w. I to si\u0119 nie zmieni \u2013 zaznaczy\u0142.<\/p>\n<p>Pytany o potencjalne zmiany w relacjach z Ukrain\u0105, przypomnia\u0142, \u017ce r\u00f3wnie\u017c opozycja ma tradycj\u0119 wspierania Kijowa. \u2013 Prezydent Lech Kaczy\u0144ski m\u00f3wi\u0142 w tych sprawach j\u0119zykiem zgody narodowej. Mam nadziej\u0119, \u017ce nowy prezydent z PiS b\u0119dzie kontynuowa\u0142 t\u0119 lini\u0119 \u2013 stwierdzi\u0142.<\/p>\n<h3><strong>Wadephul: Polska i Niemcy pozostaj\u0105 bliskimi partnerami<\/strong><\/h3>\n<p>Johann Wadephul zapewni\u0142, \u017ce relacje Berlina i Warszawy s\u0105 \u015bcis\u0142e i stabilne. \u2013 Nie mamy w\u0105tpliwo\u015bci, \u017ce wsp\u00f3lne plany i projekty zbrojeniowe b\u0119d\u0105 realizowane \u2013 powiedzia\u0142. Przypomnia\u0142, \u017ce prezydent Niemiec Frank-Walter Steinmeier pogratulowa\u0142 Nawrockiemu i zaoferowa\u0142 wsp\u00f3\u0142prac\u0119 opart\u0105 na przyja\u017ani.<\/p>\n<p>\u2013 Wiemy, \u017ce odby\u0142y si\u0119 demokratyczne wybory. Polacy i Niemcy s\u0105 przyjaci\u00f3\u0142mi i chcemy to kontynuowa\u0107 \u2013 podkre\u015bli\u0142 niemiecki minister.<\/p>\n<p><em>Na podst. DPA, Polsat News<\/em><\/p>\n","protected":false},"excerpt":{"rendered":"<p>Minister spraw zagranicznych Rados\u0142aw Sikorski podczas wizyty w Berlinie wezwa\u0142 do utrzymania pomocy wojskowej dla Ukrainy oraz podkre\u015bli\u0142 wag\u0119 wsp\u00f3\u0142pracy polsko-niemieckiej w zakresie bezpiecze\u0144stwa wschodniej&hellip;<\/p>\n","protected":false},"author":3,"featured_media":1730,"comment_status":"open","ping_status":"open","sticky":false,"template":"","format":"standard","meta":{"footnotes":""},"categories":[15,18],"tags":[],"class_list":["post-1729","post","type-post","status-publish","format-standard","has-post-thumbnail","hentry","category-swiat","category-top-news"],"_links":{"self":[{"href":"https:\/\/radiopoloniawinnipeg.com\/index.php\/wp-json\/wp\/v2\/posts\/1729","targetHints":{"allow":["GET"]}}],"collection":[{"href":"https:\/\/radiopoloniawinnipeg.com\/index.php\/wp-json\/wp\/v2\/posts"}],"about":[{"href":"https:\/\/radiopoloniawinnipeg.com\/index.php\/wp-json\/wp\/v2\/types\/post"}],"author":[{"embeddable":true,"href":"https:\/\/radiopoloniawinnipeg.com\/index.php\/wp-json\/wp\/v2\/users\/3"}],"replies":[{"embeddable":true,"href":"https:\/\/radiopoloniawinnipeg.com\/index.php\/wp-json\/wp\/v2\/comments?post=1729"}],"version-history":[{"count":0,"href":"https:\/\/radiopoloniawinnipeg.com\/index.php\/wp-json\/wp\/v2\/posts\/1729\/revisions"}],"wp:featuredmedia":[{"embeddable":true,"href":"https:\/\/radiopoloniawinnipeg.com\/index.php\/wp-json\/wp\/v2\/media\/1730"}],"wp:attachment":[{"href":"https:\/\/radiopoloniawinnipeg.com\/index.php\/wp-json\/wp\/v2\/media?parent=1729"}],"wp:term":[{"taxonomy":"category","embeddable":true,"href":"https:\/\/radiopoloniawinnipeg.com\/index.php\/wp-json\/wp\/v2\/categories?post=1729"},{"taxonomy":"post_tag","embeddable":true,"href":"https:\/\/radiopoloniawinnipeg.com\/index.php\/wp-json\/wp\/v2\/tags?post=1729"}],"curies":[{"name":"wp","href":"https:\/\/api.w.org\/{rel}","templated":true}]}}