{"id":1737,"date":"2025-06-05T14:30:06","date_gmt":"2025-06-05T18:30:06","guid":{"rendered":"https:\/\/radiopoloniawinnipeg.com\/index.php\/2025\/06\/05\/seniorzy-dostana-czternastke-ale-nie-wiecej\/"},"modified":"2025-06-05T14:30:06","modified_gmt":"2025-06-05T18:30:06","slug":"seniorzy-dostana-czternastke-ale-nie-wiecej","status":"publish","type":"post","link":"https:\/\/radiopoloniawinnipeg.com\/index.php\/2025\/06\/05\/seniorzy-dostana-czternastke-ale-nie-wiecej\/","title":{"rendered":"Seniorzy dostan\u0105 \u201eczternastk\u0119\u201d, ale nie wi\u0119cej"},"content":{"rendered":"<p><img decoding=\"async\" loading=\"lazy\" class=\"aligncenter size-custom-full-size wp-image-213890\" src=\"https:\/\/bejsment.com\/wp-content\/uploads\/2025\/06\/aaemerytka-636x377.jpg\" alt=\"\" width=\"636\" height=\"377\" \/><\/p>\n<p><strong>Ministerstwo Rodziny, Pracy i Polityki Spo\u0142ecznej opublikowa\u0142o projekt rozporz\u0105dzenia dotycz\u0105cy tegorocznej wyp\u0142aty tzw. czternastej emerytury. \u015awiadczenie zostanie wyp\u0142acone we wrze\u015bniu, ale jego wysoko\u015b\u0107 \u2013 mimo mo\u017cliwo\u015bci podwy\u017cki \u2013 pozostanie bez zmian.<\/strong><\/p>\n<p>Zgodnie z projektem, kwota \u201eczternastki\u201d wyniesie 1878,91 z\u0142 brutto, czyli tyle, ile aktualnie wynosi minimalna emerytura. Po odliczeniu sk\u0142adki zdrowotnej i zaliczki na podatek dochodowy seniorzy otrzymaj\u0105 ni\u017csz\u0105 kwot\u0119 netto.<\/p>\n<p>\u015awiadczenie trafi do os\u00f3b, kt\u00f3rych emerytura lub renta nie przekracza 2900 z\u0142 brutto. W przypadku wy\u017cszych kwot obowi\u0105zuje zasada \u201ez\u0142ot\u00f3wka za z\u0142ot\u00f3wk\u0119\u201d \u2013 za ka\u017cd\u0105 z\u0142ot\u00f3wk\u0119 ponad pr\u00f3g, \u201eczternastka\u201d jest odpowiednio pomniejszana.<\/p>\n<p>Eksperci zwracaj\u0105 uwag\u0119, \u017ce rz\u0105d mia\u0142 mo\u017cliwo\u015b\u0107 podniesienia wysoko\u015bci dodatku, ale z niej nie skorzysta\u0142. \u2013 Utrzymanie dotychczasowego progu dochodowego oznacza, \u017ce wraz ze wzrostem emerytur coraz mniej os\u00f3b b\u0119dzie otrzymywa\u0107 \u201eczternastk\u0119\u201d \u2013 komentuje dla \u201eFaktu\u201d dr Marcin Wojew\u00f3dka z Instytutu Emerytalnego.<\/p>\n<p>Zgodnie z projektem, dodatkowe \u015bwiadczenie b\u0119dzie wyp\u0142acone wraz z comiesi\u0119czn\u0105 emerytur\u0105 lub rent\u0105 \u2013 przelewem bankowym lub przekazem pocztowym.<\/p>\n<h3><strong>Ilu emeryt\u00f3w, ile \u015bwiadcze\u0144?<\/strong><\/h3>\n<p>Jak wynika z najnowszego raportu ZUS, przeci\u0119tna emerytura w Polsce wynosi obecnie 4198,58 z\u0142 brutto \u2013 to wzrost wzgl\u0119dem ubieg\u0142ego roku, kiedy wynosi\u0142a 3862,61 z\u0142. W kwietniu 2025 r. ZUS wyp\u0142aci\u0142 emerytom \u0142\u0105cznie 26,7 mld z\u0142, obs\u0142uguj\u0105c 6,361 mln os\u00f3b. W ci\u0105gu roku liczba emeryt\u00f3w wzros\u0142a o 100 tys.<\/p>\n<p>W ca\u0142ym 2024 roku ZUS wyp\u0142aci\u0142 \u0142\u0105cznie 292,3 mld z\u0142 emerytur.<\/p>\n<p style=\"text-align: right\"><em>Na podst. i.Pl<\/em><\/p>\n","protected":false},"excerpt":{"rendered":"<p>Ministerstwo Rodziny, Pracy i Polityki Spo\u0142ecznej opublikowa\u0142o projekt rozporz\u0105dzenia dotycz\u0105cy tegorocznej wyp\u0142aty tzw. czternastej emerytury. \u015awiadczenie zostanie wyp\u0142acone we wrze\u015bniu, ale jego wysoko\u015b\u0107 \u2013 mimo&hellip;<\/p>\n","protected":false},"author":3,"featured_media":1738,"comment_status":"open","ping_status":"open","sticky":false,"template":"","format":"standard","meta":{"footnotes":""},"categories":[14,18],"tags":[],"class_list":["post-1737","post","type-post","status-publish","format-standard","has-post-thumbnail","hentry","category-polska","category-top-news"],"_links":{"self":[{"href":"https:\/\/radiopoloniawinnipeg.com\/index.php\/wp-json\/wp\/v2\/posts\/1737","targetHints":{"allow":["GET"]}}],"collection":[{"href":"https:\/\/radiopoloniawinnipeg.com\/index.php\/wp-json\/wp\/v2\/posts"}],"about":[{"href":"https:\/\/radiopoloniawinnipeg.com\/index.php\/wp-json\/wp\/v2\/types\/post"}],"author":[{"embeddable":true,"href":"https:\/\/radiopoloniawinnipeg.com\/index.php\/wp-json\/wp\/v2\/users\/3"}],"replies":[{"embeddable":true,"href":"https:\/\/radiopoloniawinnipeg.com\/index.php\/wp-json\/wp\/v2\/comments?post=1737"}],"version-history":[{"count":0,"href":"https:\/\/radiopoloniawinnipeg.com\/index.php\/wp-json\/wp\/v2\/posts\/1737\/revisions"}],"wp:featuredmedia":[{"embeddable":true,"href":"https:\/\/radiopoloniawinnipeg.com\/index.php\/wp-json\/wp\/v2\/media\/1738"}],"wp:attachment":[{"href":"https:\/\/radiopoloniawinnipeg.com\/index.php\/wp-json\/wp\/v2\/media?parent=1737"}],"wp:term":[{"taxonomy":"category","embeddable":true,"href":"https:\/\/radiopoloniawinnipeg.com\/index.php\/wp-json\/wp\/v2\/categories?post=1737"},{"taxonomy":"post_tag","embeddable":true,"href":"https:\/\/radiopoloniawinnipeg.com\/index.php\/wp-json\/wp\/v2\/tags?post=1737"}],"curies":[{"name":"wp","href":"https:\/\/api.w.org\/{rel}","templated":true}]}}