{"id":1743,"date":"2025-06-05T17:30:07","date_gmt":"2025-06-05T21:30:07","guid":{"rendered":"https:\/\/radiopoloniawinnipeg.com\/index.php\/2025\/06\/05\/trwa-poszukiwanie-travisa-deckera-podejrzanego-o-zabojstwo-trzech-corek\/"},"modified":"2025-06-05T17:30:07","modified_gmt":"2025-06-05T21:30:07","slug":"trwa-poszukiwanie-travisa-deckera-podejrzanego-o-zabojstwo-trzech-corek","status":"publish","type":"post","link":"https:\/\/radiopoloniawinnipeg.com\/index.php\/2025\/06\/05\/trwa-poszukiwanie-travisa-deckera-podejrzanego-o-zabojstwo-trzech-corek\/","title":{"rendered":"Trwa poszukiwanie Travisa Deckera, podejrzanego o zab\u00f3jstwo trzech c\u00f3rek"},"content":{"rendered":"<p><a href=\"https:\/\/bejsment.com\/wp-content\/uploads\/2025\/06\/dziwczyunnn-ojc.jpg\"><img decoding=\"async\" loading=\"lazy\" class=\"aligncenter size-custom-full-size wp-image-213951\" src=\"https:\/\/bejsment.com\/wp-content\/uploads\/2025\/06\/dziwczyunnn-ojc-636x497.jpg\" alt=\"\" width=\"636\" height=\"497\" \/><\/a>W stanie Waszyngton trwa intensywna ob\u0142awa na 32-letniego Travisa Deckera, oskar\u017conego o zamordowanie swoich trzech c\u00f3rek podczas zaplanowanej wizyty. W\u0142adze ostrzegaj\u0105, \u017ce m\u0119\u017cczyzna mo\u017ce znajdowa\u0107 si\u0119 w dowolnym miejscu na terenie USA.<\/p>\n<p>W akcj\u0119 poszukiwawcz\u0105 zaanga\u017cowane s\u0105 lokalne s\u0142u\u017cby, FBI, Departament Bezpiecze\u0144stwa Krajowego oraz ameryka\u0144ski Urz\u0105d Marsza\u0142kowski. \u2013 Nie spoczniemy, dop\u00f3ki go nie znajdziemy \u2013 zapewni\u0142 szeryf hrabstwa Chelan Mike Morrison na \u015brodowej konferencji prasowej. Zwracaj\u0105c si\u0119 bezpo\u015brednio do Deckera doda\u0142: \u2013 Travis, to moment, by si\u0119 podda\u0107 i wzi\u0105\u0107 odpowiedzialno\u015b\u0107. Sprawiedliwo\u015b\u0107 musi zosta\u0107 wymierzona.<\/p>\n<p>Cia\u0142a dziewi\u0119cioletniej Paityn, o\u015bmioletniej Evelyn i pi\u0119cioletniej Olivii Decker odnaleziono we wtorek w okolicy pola kempingowego, dzie\u0144 po tym, jak odwo\u0142ano stanowy alert zagini\u0119cia. Ostatni raz dzieci widziano 30 maja, gdy opuszcza\u0142y dom w Wenatchee na spotkanie z ojcem. Wed\u0142ug w\u0142adz Travis Decker by\u0142 osob\u0105 bez sta\u0142ego miejsca zamieszkania, poruszaj\u0105c\u0105 si\u0119 bia\u0142ym pickupem GMC Sierra z 2017 roku, mieszkaj\u0105cym w samochodzie, motelach lub na kempingach.<\/p>\n<p>Nast\u0119pnego dnia policja og\u0142osi\u0142a zagini\u0119cie dzieci oraz ojca, wskazuj\u0105c, \u017ce sytuacja wymkn\u0119\u0142a si\u0119 z ustalonych ram i jest powodem do niepokoju, zw\u0142aszcza \u017ce Decker nie odda\u0142 c\u00f3rek na czas, a kontakt z nim si\u0119 urwa\u0142.<\/p>\n<p>Po przeszukaniu lokalnych moteli, \u015bledczy skoncentrowali si\u0119 na kempingu w pobli\u017cu Leavenworth, gdzie odnaleziono pustego trucka Deckera. W dalszym etapie poszukiwa\u0144 znaleziono cia\u0142a dziewczynek. Z wst\u0119pnych ustale\u0144 przedstawionych w S\u0105dzie Najwy\u017cszym hrabstwa Chelan wynika, \u017ce dzieci najprawdopodobniej zosta\u0142y uduszone.<\/p>\n<p>Pojazd Deckera znajdowa\u0142 si\u0119 niedaleko miejsca zbrodni, a na jego drzwiach odkryto dwa krwawe \u015blady d\u0142oni. Znaleziono r\u00f3wnie\u017c rzeczy osobiste, w tym jedzenie, koce, fotelik dzieci\u0119cy, portfel, namiot i ch\u0142odziark\u0119, co mo\u017ce \u015bwiadczy\u0107, \u017ce miejsce by\u0142o niedawno u\u017cytkowane.<\/p>\n<p>Amy Edwards, bliska znajoma matki dziewczynek \u2013 Whitney \u2013 zorganizowa\u0142a internetow\u0105 zbi\u00f3rk\u0119, kt\u00f3ra zebra\u0142a ju\u017c blisko p\u00f3\u0142 miliona dolar\u00f3w. \u2013 Serce nam p\u0119ka. Trudno opisa\u0107 b\u00f3l po takiej stracie \u2013 napisa\u0142a Edwards, wspominaj\u0105c, \u017ce zna\u0142a rodzin\u0119 od lat i mia\u0142a okazj\u0119 uczy\u0107 dziewczynki.<\/p>\n<p>Deckera oskar\u017cono o trzy morderstwa pierwszego stopnia, porwanie oraz utrudnianie wykonywania obowi\u0105zk\u00f3w rodzicielskich. Policja nie wie, czy m\u0119\u017cczyzna posiada bro\u0144, ale wiadomo, \u017ce jest weteranem wojennym z zaawansowanym szkoleniem.<\/p>\n<p>Zgodnie z opisem poszukiwany ma 5 st\u00f3p i 8 cali wzrostu (ok. 173 cm), wa\u017cy oko\u0142o 190 funt\u00f3w (ok. 86 kg), ma czarne w\u0142osy i br\u0105zowe oczy. W chwili ostatniego kontaktu by\u0142 ubrany w jasn\u0105 koszul\u0119 i ciemne spodenki.<\/p>\n<p>Za informacje prowadz\u0105ce bezpo\u015brednio do jego zatrzymania oferowana jest nagroda w wysoko\u015bci 20\u202f000 dolar\u00f3w.<\/p>\n","protected":false},"excerpt":{"rendered":"<p>W stanie Waszyngton trwa intensywna ob\u0142awa na 32-letniego Travisa Deckera, oskar\u017conego o zamordowanie swoich trzech c\u00f3rek podczas zaplanowanej wizyty. W\u0142adze ostrzegaj\u0105, \u017ce m\u0119\u017cczyzna mo\u017ce znajdowa\u0107&hellip;<\/p>\n","protected":false},"author":3,"featured_media":1744,"comment_status":"open","ping_status":"open","sticky":false,"template":"","format":"standard","meta":{"footnotes":""},"categories":[15,18],"tags":[],"class_list":["post-1743","post","type-post","status-publish","format-standard","has-post-thumbnail","hentry","category-swiat","category-top-news"],"_links":{"self":[{"href":"https:\/\/radiopoloniawinnipeg.com\/index.php\/wp-json\/wp\/v2\/posts\/1743","targetHints":{"allow":["GET"]}}],"collection":[{"href":"https:\/\/radiopoloniawinnipeg.com\/index.php\/wp-json\/wp\/v2\/posts"}],"about":[{"href":"https:\/\/radiopoloniawinnipeg.com\/index.php\/wp-json\/wp\/v2\/types\/post"}],"author":[{"embeddable":true,"href":"https:\/\/radiopoloniawinnipeg.com\/index.php\/wp-json\/wp\/v2\/users\/3"}],"replies":[{"embeddable":true,"href":"https:\/\/radiopoloniawinnipeg.com\/index.php\/wp-json\/wp\/v2\/comments?post=1743"}],"version-history":[{"count":0,"href":"https:\/\/radiopoloniawinnipeg.com\/index.php\/wp-json\/wp\/v2\/posts\/1743\/revisions"}],"wp:featuredmedia":[{"embeddable":true,"href":"https:\/\/radiopoloniawinnipeg.com\/index.php\/wp-json\/wp\/v2\/media\/1744"}],"wp:attachment":[{"href":"https:\/\/radiopoloniawinnipeg.com\/index.php\/wp-json\/wp\/v2\/media?parent=1743"}],"wp:term":[{"taxonomy":"category","embeddable":true,"href":"https:\/\/radiopoloniawinnipeg.com\/index.php\/wp-json\/wp\/v2\/categories?post=1743"},{"taxonomy":"post_tag","embeddable":true,"href":"https:\/\/radiopoloniawinnipeg.com\/index.php\/wp-json\/wp\/v2\/tags?post=1743"}],"curies":[{"name":"wp","href":"https:\/\/api.w.org\/{rel}","templated":true}]}}