{"id":1751,"date":"2025-06-06T07:15:05","date_gmt":"2025-06-06T11:15:05","guid":{"rendered":"https:\/\/radiopoloniawinnipeg.com\/index.php\/2025\/06\/06\/karol-nawrocki-mebluje-swoj-gabinet\/"},"modified":"2025-06-06T07:15:05","modified_gmt":"2025-06-06T11:15:05","slug":"karol-nawrocki-mebluje-swoj-gabinet","status":"publish","type":"post","link":"https:\/\/radiopoloniawinnipeg.com\/index.php\/2025\/06\/06\/karol-nawrocki-mebluje-swoj-gabinet\/","title":{"rendered":"Karol Nawrocki mebluje sw\u00f3j gabinet"},"content":{"rendered":"<p><img decoding=\"async\" loading=\"lazy\" class=\"aligncenter size-custom-full-size wp-image-213995\" src=\"https:\/\/bejsment.com\/wp-content\/uploads\/2025\/06\/aanawrocki3-636x358.jpg\" alt=\"\" width=\"636\" height=\"358\" \/><\/p>\n<p><strong>Dr Rafa\u0142 Le\u015bkiewicz b\u0119dzie rzecznikiem prasowym przysz\u0142ego prezydenta Karola Nawrockiego \u2014 poinformowa\u0142 prezydent elekt w wywiadzie dla telewizji wPolsce24. Szefem gabinetu prezydenta zostanie natomiast Pawe\u0142 Szefernaker, kt\u00f3ry prowadzi\u0142 jego kampani\u0119 wyborcz\u0105.<\/strong><\/p>\n<p>\u2014 Na nazwisko szefa Kancelarii Prezydenta musimy jeszcze poczeka\u0107. Mog\u0119 jednak ju\u017c powiedzie\u0107, \u017ce rzecznikiem prasowym zostanie dr Rafa\u0142 Le\u015bkiewicz, m\u00f3j bliski wsp\u00f3\u0142pracownik z czas\u00f3w pracy w Instytucie Pami\u0119ci Narodowej \u2014 og\u0142osi\u0142 Nawrocki. Doda\u0142 r\u00f3wnie\u017c, \u017ce \u201ewszystkich zach\u0119ca do kontaktu z przysz\u0142ym rzecznikiem prezydenta\u201d.<\/p>\n<p>Na antenie Telewizji Republika prezydent elekt ujawni\u0142, \u017ce szefem jego gabinetu zostanie Pawe\u0142 Szefernaker. \u2014 W ci\u0105gu sze\u015bciu miesi\u0119cy kampanii da\u0142 si\u0119 pozna\u0107 jako polityk nowej generacji \u2014 do\u015bwiadczony, ale te\u017c otwarty na kwestie spo\u0142eczne \u2014 podkre\u015bli\u0142.<\/p>\n<p>Zast\u0119pc\u0105 szefa gabinetu zostanie Jaros\u0142aw D\u0119bowski, dotychczasowy dyrektor biura prezesa IPN. \u2014 To cz\u0142owiek spoza \u017cycia politycznego \u2014 zaznaczy\u0142 Nawrocki.<\/p>\n<p>Prezydent elekt zapowiedzia\u0142 te\u017c, \u017ce w kancelarii zamierza zachowa\u0107 r\u00f3wnowag\u0119 mi\u0119dzy \u201edo\u015bwiadczonymi politykami\u201d a osobami spoza \u015bwiata polityki.<\/p>\n<h3><strong>Plany i pierwsze inicjatywy<\/strong><\/h3>\n<p>Rafa\u0142 Le\u015bkiewicz, rocznik 1977, od 2006 roku pe\u0142ni funkcje kierownicze w IPN. W 2008 r. obroni\u0142 doktorat. Wsp\u00f3\u0142pracowa\u0142 m.in. z Ministerstwem Cyfryzacji, a od 2021 r. jest rzecznikiem prezesa IPN.<\/p>\n<p>Karol Nawrocki zapowiedzia\u0142, \u017ce po obj\u0119ciu urz\u0119du przedstawi kilka w\u0142asnych inicjatyw. Pierwsz\u0105 wizyt\u0119 zagraniczn\u0105 planuje odby\u0107 w Stanach Zjednoczonych. Z kolei pierwszym projektem ustawodawczym b\u0119dzie \u201epodniesienie obywatelskiego projektu dotycz\u0105cego Centralnego Portu Komunikacyjnego\u201d.<\/p>\n<p>Prezydent elekt zapowiedzia\u0142 r\u00f3wnie\u017c dzia\u0142ania na rzecz uporz\u0105dkowania sytuacji w polityce mi\u0119dzynarodowej. \u2014 Musimy mie\u0107 ambasador\u00f3w na ca\u0142ym \u015bwiecie, kt\u00f3rzy b\u0119d\u0105 \u015bwiadczy\u0107 o tym, jakim Polska jest pa\u0144stwem \u2014 m\u00f3wi\u0142.<\/p>\n<p>Doda\u0142 te\u017c, \u017ce b\u0119dzie motywowa\u0142 rz\u0105d do dzia\u0142ania, bo \u2014 jak podkre\u015bli\u0142 \u2014 \u201estan finans\u00f3w publicznych niepokoi Polak\u00f3w\u201d.<\/p>\n<h3><strong>O wsp\u00f3\u0142pracy z Tuskiem i rywalizacji z Trzaskowskim<\/strong><\/h3>\n<p>Karol Nawrocki odni\u00f3s\u0142 si\u0119 tak\u017ce do rywalizacji wyborczej z Rafa\u0142em Trzaskowskim. \u2014 My\u015bl\u0119, \u017ce powinienem mu podzi\u0119kowa\u0107 za t\u0119 rywalizacj\u0119, cho\u0107 nie zawsze by\u0142a ona uczciwa \u2014 powiedzia\u0142. \u2014 \u017bycz\u0119 mu du\u017co zdrowia. Warszawiacy czekaj\u0105 na dobrego gospodarza \u2014 doda\u0142.<\/p>\n<p>Pytany o przysz\u0142\u0105 wsp\u00f3\u0142prac\u0119 z premierem Donaldem Tuskiem, stwierdzi\u0142: \u2014 S\u0105 sprawy, na kt\u00f3re czekaj\u0105 Polacy, i to powinno by\u0107 przedmiotem rozmowy prezydenta z premierem.<\/p>\n<p>Zapewni\u0142 przy tym, \u017ce nie pozwoli, by rz\u0105d \u201eobchodzi\u0142\u201d rol\u0119 prezydenta. \u2014 Nie dam sobie odebra\u0107 kompetencji prezydenta Polski. Premier musi si\u0119 nastawi\u0107 na silny odp\u00f3r ze strony Pa\u0142acu Prezydenckiego \u2014 podkre\u015bli\u0142.<\/p>\n<p>\u2014 My\u015bl\u0119 o tym, jak przywr\u00f3ci\u0107 Polsk\u0119 do takiego stanu, w kt\u00f3rym obywatele ufaj\u0105 pa\u0144stwowym instytucjom i nie rz\u0105dzi nimi strach. Sp\u00f3r polityczny jest naturalny w demokracji, ale musi mie\u0107 swoje granice \u2014 podsumowa\u0142 prezydent elekt.<\/p>\n<p style=\"text-align: right\"><em>Na podst. Polsat News<\/em><\/p>\n","protected":false},"excerpt":{"rendered":"<p>Dr Rafa\u0142 Le\u015bkiewicz b\u0119dzie rzecznikiem prasowym przysz\u0142ego prezydenta Karola Nawrockiego \u2014 poinformowa\u0142 prezydent elekt w wywiadzie dla telewizji wPolsce24. Szefem gabinetu prezydenta zostanie natomiast Pawe\u0142&hellip;<\/p>\n","protected":false},"author":3,"featured_media":1752,"comment_status":"open","ping_status":"open","sticky":false,"template":"","format":"standard","meta":{"footnotes":""},"categories":[14,18],"tags":[],"class_list":["post-1751","post","type-post","status-publish","format-standard","has-post-thumbnail","hentry","category-polska","category-top-news"],"_links":{"self":[{"href":"https:\/\/radiopoloniawinnipeg.com\/index.php\/wp-json\/wp\/v2\/posts\/1751","targetHints":{"allow":["GET"]}}],"collection":[{"href":"https:\/\/radiopoloniawinnipeg.com\/index.php\/wp-json\/wp\/v2\/posts"}],"about":[{"href":"https:\/\/radiopoloniawinnipeg.com\/index.php\/wp-json\/wp\/v2\/types\/post"}],"author":[{"embeddable":true,"href":"https:\/\/radiopoloniawinnipeg.com\/index.php\/wp-json\/wp\/v2\/users\/3"}],"replies":[{"embeddable":true,"href":"https:\/\/radiopoloniawinnipeg.com\/index.php\/wp-json\/wp\/v2\/comments?post=1751"}],"version-history":[{"count":0,"href":"https:\/\/radiopoloniawinnipeg.com\/index.php\/wp-json\/wp\/v2\/posts\/1751\/revisions"}],"wp:featuredmedia":[{"embeddable":true,"href":"https:\/\/radiopoloniawinnipeg.com\/index.php\/wp-json\/wp\/v2\/media\/1752"}],"wp:attachment":[{"href":"https:\/\/radiopoloniawinnipeg.com\/index.php\/wp-json\/wp\/v2\/media?parent=1751"}],"wp:term":[{"taxonomy":"category","embeddable":true,"href":"https:\/\/radiopoloniawinnipeg.com\/index.php\/wp-json\/wp\/v2\/categories?post=1751"},{"taxonomy":"post_tag","embeddable":true,"href":"https:\/\/radiopoloniawinnipeg.com\/index.php\/wp-json\/wp\/v2\/tags?post=1751"}],"curies":[{"name":"wp","href":"https:\/\/api.w.org\/{rel}","templated":true}]}}