{"id":1775,"date":"2025-06-07T08:15:05","date_gmt":"2025-06-07T12:15:05","guid":{"rendered":"https:\/\/radiopoloniawinnipeg.com\/index.php\/2025\/06\/07\/forum-w-berlinie-skandaliczne-slowa-o-nawrockim-i-rosyjskiej-propagandzie\/"},"modified":"2025-06-07T08:15:05","modified_gmt":"2025-06-07T12:15:05","slug":"forum-w-berlinie-skandaliczne-slowa-o-nawrockim-i-rosyjskiej-propagandzie","status":"publish","type":"post","link":"https:\/\/radiopoloniawinnipeg.com\/index.php\/2025\/06\/07\/forum-w-berlinie-skandaliczne-slowa-o-nawrockim-i-rosyjskiej-propagandzie\/","title":{"rendered":"Forum w Berlinie. Skandaliczne s\u0142owa o Nawrockim i &#8220;rosyjskiej propagandzie&#8221;"},"content":{"rendered":"<div id=\"attachment_214098\" style=\"width: 646px\" class=\"wp-caption aligncenter\"><img decoding=\"async\" loading=\"lazy\" aria-describedby=\"caption-attachment-214098\" class=\"size-custom-full-size wp-image-214098\" src=\"https:\/\/bejsment.com\/wp-content\/uploads\/2025\/06\/aaniewiera-636x358.jpg\" alt=\"\" width=\"636\" height=\"358\" \/><\/p>\n<p id=\"caption-attachment-214098\" class=\"wp-caption-text\">Elwira Niewiera<\/p>\n<\/div>\n<p><strong>Podczas Polsko-Niemieckiego Forum 2025 w Berlinie re\u017cyserka Elwira Niewiera stwierdzi\u0142a, \u017ce Karol Nawrocki <em>\u201enie wygra\u0142by wybor\u00f3w bez wsparcia rosyjskiej propagandy\u201d<\/em>. Jej s\u0142owa wywo\u0142a\u0142y kontrowersje \u2014 tym bardziej, \u017ce na sali nie pad\u0142 \u017caden protest ze strony polskich dyplomat\u00f3w.<\/strong><\/p>\n<p>Forum Polsko-Niemieckie zosta\u0142o w tym roku reaktywowane po siedmioletniej przerwie. W wydarzeniu, kt\u00f3re odby\u0142o si\u0119 pod has\u0142em <em>\u201eWsp\u00f3lnota na trudne czasy\u201d<\/em>, uczestniczyli ministrowie spraw zagranicznych Polski i Niemiec, Rados\u0142aw Sikorski i Johann Wadephul, a tak\u017ce przedstawiciele polityki, nauki i spo\u0142ecze\u0144stwa obywatelskiego.<\/p>\n<p>Podczas otwarcia wr\u0119czono Nagrod\u0119 za Szczeg\u00f3lne Zas\u0142ugi dla Rozwoju Stosunk\u00f3w Polsko-Niemieckich. W\u015br\u00f3d laureat\u00f3w znalaz\u0142a si\u0119 Elwira Niewiera. W swoim wyst\u0105pieniu re\u017cyserka m\u00f3wi\u0142a o rosyjskiej dezinformacji i wojnie na Ukrainie.<\/p>\n<p>\u2014 Rosja prowadzi wojn\u0119 r\u00f3wnie\u017c u nas, siej\u0105c dezinformacj\u0119 i pr\u00f3buj\u0105c dzieli\u0107 nasze spo\u0142ecze\u0144stwa. To, co si\u0119 wydarzy\u0142o w niedziel\u0119 w naszym kraju, sprawi\u0142o, \u017ce czuj\u0119 si\u0119 bezsilna. Mam wra\u017cenie, \u017ce nie mamy wystarczaj\u0105cych narz\u0119dzi, by si\u0119 przed tym broni\u0107. Pan Nawrocki nie wygra\u0142by tych wybor\u00f3w bez wsparcia rosyjskiej propagandy \u2014 powiedzia\u0142a.<\/p>\n<p>Doda\u0142a, \u017ce Rosja jest dzi\u015b realnym zagro\u017ceniem dla demokracji w Polsce i wezwa\u0142a, by tego nie ignorowa\u0107.<\/p>\n<p>Wed\u0142ug relacji portalu <em>Niezalezna.pl<\/em>, na sali nie by\u0142o ju\u017c w\u00f3wczas ministr\u00f3w spraw zagranicznych Polski i Niemiec. Obecni polscy dyplomaci, w tym charg\u00e9 d\u2019affaires RP w Niemczech Jan Tombi\u0144ski, nie zaprotestowali. S\u0142owa Niewiery zosta\u0142y natomiast nagrodzone brawami.<\/p>\n<p>Elwira Niewiera jest re\u017cyserk\u0105 i scenarzystk\u0105. Jej filmy dokumentalne \u2014 m.in. <em>\u201eEfekt domina\u201d<\/em> i <em>\u201eKsi\u0105\u017c\u0119 i Dybuk\u201d<\/em> \u2014 koncentruj\u0105 si\u0119 na przemianach politycznych i spo\u0142ecznych w Europie Wschodniej. W 2020 r. otrzyma\u0142a nagrod\u0119 M\u0142odego Kina Niemieckiego, a rok p\u00f3\u017aniej ameryka\u0144sk\u0105 Chicken &amp; Egg Award.<\/p>\n<p style=\"text-align: right\"><em>Na podst. i.Pl<\/em><\/p>\n","protected":false},"excerpt":{"rendered":"<p>Elwira Niewiera Podczas Polsko-Niemieckiego Forum 2025 w Berlinie re\u017cyserka Elwira Niewiera stwierdzi\u0142a, \u017ce Karol Nawrocki \u201enie wygra\u0142by wybor\u00f3w bez wsparcia rosyjskiej propagandy\u201d. Jej s\u0142owa wywo\u0142a\u0142y&hellip;<\/p>\n","protected":false},"author":3,"featured_media":1776,"comment_status":"open","ping_status":"open","sticky":false,"template":"","format":"standard","meta":{"footnotes":""},"categories":[15,18],"tags":[],"class_list":["post-1775","post","type-post","status-publish","format-standard","has-post-thumbnail","hentry","category-swiat","category-top-news"],"_links":{"self":[{"href":"https:\/\/radiopoloniawinnipeg.com\/index.php\/wp-json\/wp\/v2\/posts\/1775","targetHints":{"allow":["GET"]}}],"collection":[{"href":"https:\/\/radiopoloniawinnipeg.com\/index.php\/wp-json\/wp\/v2\/posts"}],"about":[{"href":"https:\/\/radiopoloniawinnipeg.com\/index.php\/wp-json\/wp\/v2\/types\/post"}],"author":[{"embeddable":true,"href":"https:\/\/radiopoloniawinnipeg.com\/index.php\/wp-json\/wp\/v2\/users\/3"}],"replies":[{"embeddable":true,"href":"https:\/\/radiopoloniawinnipeg.com\/index.php\/wp-json\/wp\/v2\/comments?post=1775"}],"version-history":[{"count":0,"href":"https:\/\/radiopoloniawinnipeg.com\/index.php\/wp-json\/wp\/v2\/posts\/1775\/revisions"}],"wp:featuredmedia":[{"embeddable":true,"href":"https:\/\/radiopoloniawinnipeg.com\/index.php\/wp-json\/wp\/v2\/media\/1776"}],"wp:attachment":[{"href":"https:\/\/radiopoloniawinnipeg.com\/index.php\/wp-json\/wp\/v2\/media?parent=1775"}],"wp:term":[{"taxonomy":"category","embeddable":true,"href":"https:\/\/radiopoloniawinnipeg.com\/index.php\/wp-json\/wp\/v2\/categories?post=1775"},{"taxonomy":"post_tag","embeddable":true,"href":"https:\/\/radiopoloniawinnipeg.com\/index.php\/wp-json\/wp\/v2\/tags?post=1775"}],"curies":[{"name":"wp","href":"https:\/\/api.w.org\/{rel}","templated":true}]}}