{"id":1777,"date":"2025-06-07T10:30:08","date_gmt":"2025-06-07T14:30:08","guid":{"rendered":"https:\/\/radiopoloniawinnipeg.com\/index.php\/2025\/06\/07\/pobil-kobiete-i-zabarykadowal-sie-w-mieszkaniu\/"},"modified":"2025-06-07T10:30:08","modified_gmt":"2025-06-07T14:30:08","slug":"pobil-kobiete-i-zabarykadowal-sie-w-mieszkaniu","status":"publish","type":"post","link":"https:\/\/radiopoloniawinnipeg.com\/index.php\/2025\/06\/07\/pobil-kobiete-i-zabarykadowal-sie-w-mieszkaniu\/","title":{"rendered":"Pobi\u0142 kobiet\u0119 i zabarykadowa\u0142 si\u0119 w mieszkaniu"},"content":{"rendered":"<p><img decoding=\"async\" loading=\"lazy\" class=\"aligncenter size-custom-full-size wp-image-214088\" src=\"https:\/\/bejsment.com\/wp-content\/uploads\/2025\/06\/antyterrorysci-636x358.jpg\" alt=\"\" width=\"636\" height=\"358\" \/><\/p>\n<p><strong>M\u0119\u017cczyzna pobi\u0142 kobiet\u0119, porwa\u0142 jej psa i zabarykadowa\u0142 si\u0119 w mieszkaniu. W akcji krakowskiej policji uczestniczyli antyterrory\u015bci i negocjatorzy. W lokalu znajdowa\u0142o si\u0119 r\u00f3wnie\u017c dziecko.<\/strong><\/p>\n<p>Najpierw pobi\u0142 kobiet\u0119 i zabra\u0142 jej psa, a potem zabarykadowa\u0142 si\u0119 w mieszkaniu przy ul. Fredry w Krakowie. Na miejscu od sobotniego poranka trwa\u0142a akcja policji z udzia\u0142em antyterroryst\u00f3w i negocjator\u00f3w. Przed godzin\u0105 11:00 funkcjonariusze obezw\u0142adnili napastnika.<\/p>\n<p>Do zdarzenia dosz\u0142o w sobot\u0119 nad ranem na osiedlu w krakowskiej Nowej Hucie. Oko\u0142o godz. 4:30 mieszka\u0144c\u00f3w obudzi\u0142y krzyki kobiety. Mi\u0119dzy ni\u0105 a m\u0119\u017cczyzn\u0105 wywi\u0105za\u0142a si\u0119 szarpanina. Napastnik pobi\u0142 kobiet\u0119, odebra\u0142 jej psa i odjecha\u0142. Poszkodowana trafi\u0142a do szpitala.<\/p>\n<p>\u2014 Bardzo szybko ustalili\u015bmy, \u017ce m\u0119\u017cczyzna przemie\u015bci\u0142 si\u0119 do innej cz\u0119\u015bci Krakowa i zabarykadowa\u0142 si\u0119 w mieszkaniu \u2014 poinformowa\u0142a m\u0142. asp. Anna Zbroja-Zag\u00f3rska z ma\u0142opolskiej policji.<\/p>\n<p>Ze wzgl\u0119du na podejrzenie, \u017ce m\u0119\u017cczyzna mo\u017ce mie\u0107 przy sobie niebezpieczne narz\u0119dzie, w akcj\u0119 na krakowskich \u0141agiewnikach zaanga\u017cowano specjalistyczne s\u0142u\u017cby, w tym antyterroryst\u00f3w i negocjator\u00f3w. Policja apelowa\u0142a do mieszka\u0144c\u00f3w, by nie zbli\u017cali si\u0119 do rejonu dzia\u0142a\u0144.<\/p>\n<p>Wed\u0142ug relacji \u015bwiadk\u00f3w cz\u0119\u015b\u0107 wewn\u0119trznych ulic na osiedlu zosta\u0142a zablokowana.<\/p>\n<p>Przed godz. 11:00 akcja zako\u0144czy\u0142a si\u0119 sukcesem. Policjanci zatrzymali m\u0119\u017cczyzn\u0119, kt\u00f3ry nast\u0119pnie zosta\u0142 przewieziony do szpitala. Jak ustali\u0142 Polsat News, w mieszkaniu, kt\u00f3rego nie chcia\u0142 opu\u015bci\u0107, przebywa\u0142o tak\u017ce dziecko.<\/p>\n<p style=\"text-align: right\"><em>Na podst. Polsat News<\/em><\/p>\n","protected":false},"excerpt":{"rendered":"<p>M\u0119\u017cczyzna pobi\u0142 kobiet\u0119, porwa\u0142 jej psa i zabarykadowa\u0142 si\u0119 w mieszkaniu. W akcji krakowskiej policji uczestniczyli antyterrory\u015bci i negocjatorzy. W lokalu znajdowa\u0142o si\u0119 r\u00f3wnie\u017c dziecko.&hellip;<\/p>\n","protected":false},"author":3,"featured_media":1778,"comment_status":"open","ping_status":"open","sticky":false,"template":"","format":"standard","meta":{"footnotes":""},"categories":[14,18],"tags":[],"class_list":["post-1777","post","type-post","status-publish","format-standard","has-post-thumbnail","hentry","category-polska","category-top-news"],"_links":{"self":[{"href":"https:\/\/radiopoloniawinnipeg.com\/index.php\/wp-json\/wp\/v2\/posts\/1777","targetHints":{"allow":["GET"]}}],"collection":[{"href":"https:\/\/radiopoloniawinnipeg.com\/index.php\/wp-json\/wp\/v2\/posts"}],"about":[{"href":"https:\/\/radiopoloniawinnipeg.com\/index.php\/wp-json\/wp\/v2\/types\/post"}],"author":[{"embeddable":true,"href":"https:\/\/radiopoloniawinnipeg.com\/index.php\/wp-json\/wp\/v2\/users\/3"}],"replies":[{"embeddable":true,"href":"https:\/\/radiopoloniawinnipeg.com\/index.php\/wp-json\/wp\/v2\/comments?post=1777"}],"version-history":[{"count":0,"href":"https:\/\/radiopoloniawinnipeg.com\/index.php\/wp-json\/wp\/v2\/posts\/1777\/revisions"}],"wp:featuredmedia":[{"embeddable":true,"href":"https:\/\/radiopoloniawinnipeg.com\/index.php\/wp-json\/wp\/v2\/media\/1778"}],"wp:attachment":[{"href":"https:\/\/radiopoloniawinnipeg.com\/index.php\/wp-json\/wp\/v2\/media?parent=1777"}],"wp:term":[{"taxonomy":"category","embeddable":true,"href":"https:\/\/radiopoloniawinnipeg.com\/index.php\/wp-json\/wp\/v2\/categories?post=1777"},{"taxonomy":"post_tag","embeddable":true,"href":"https:\/\/radiopoloniawinnipeg.com\/index.php\/wp-json\/wp\/v2\/tags?post=1777"}],"curies":[{"name":"wp","href":"https:\/\/api.w.org\/{rel}","templated":true}]}}