{"id":1807,"date":"2025-06-08T13:30:04","date_gmt":"2025-06-08T17:30:04","guid":{"rendered":"https:\/\/radiopoloniawinnipeg.com\/index.php\/2025\/06\/08\/dwie-osoby-z-zarzutami-podpalenia-lasow-w-saskatchewan\/"},"modified":"2025-06-08T13:30:04","modified_gmt":"2025-06-08T17:30:04","slug":"dwie-osoby-z-zarzutami-podpalenia-lasow-w-saskatchewan","status":"publish","type":"post","link":"https:\/\/radiopoloniawinnipeg.com\/index.php\/2025\/06\/08\/dwie-osoby-z-zarzutami-podpalenia-lasow-w-saskatchewan\/","title":{"rendered":"Dwie osoby z zarzutami podpalenia las\u00f3w w Saskatchewan\u00a0"},"content":{"rendered":"<div id=\"attachment_214143\" style=\"width: 646px\" class=\"wp-caption aligncenter\"><img decoding=\"async\" loading=\"lazy\" aria-describedby=\"caption-attachment-214143\" class=\"size-custom-full-size wp-image-214143\" src=\"https:\/\/bejsment.com\/wp-content\/uploads\/2025\/06\/aamoe-636x422.jpg\" alt=\"\" width=\"636\" height=\"422\" \/><\/p>\n<p id=\"caption-attachment-214143\" class=\"wp-caption-text\">Scott Moe<\/p>\n<\/div>\n<p><strong>Premier prowincji Saskatchewan, Scott Moe, og\u0142osi\u0142, \u017ce dwie osoby zosta\u0142y oskar\u017cone o celowe wzniecenie po\u017car\u00f3w las\u00f3w.<\/strong><\/p>\n<p>Jedna z tych os\u00f3b zosta\u0142a formalnie oskar\u017cona w zwi\u0105zku z gro\u017anym po\u017carem w rejonie La Ronge, kt\u00f3ry zmusi\u0142 oko\u0142o 7000 mieszka\u0144c\u00f3w do ewakuacji.<\/p>\n<p>W ostatnich dniach liczba os\u00f3b zmuszonych do opuszczenia swoich dom\u00f3w z powodu po\u017car\u00f3w wynosi ju\u017c od 10 000 do 15 000. Obecnie aktywnych jest 24 po\u017car\u00f3w las\u00f3w, a wiele z nich \u2013 wed\u0142ug premiera Moe\u2019a \u2013 ma swoje \u017ar\u00f3d\u0142o w dzia\u0142alno\u015bci cz\u0142owieka, zar\u00f3wno celowej, jak i nieumy\u015blnej.<\/p>\n<p>W Saskatchewan wprowadzono stan wyj\u0105tkowy, co pozwala s\u0142u\u017cbom prowincjonalnym i lokalnym lepiej wsp\u00f3\u0142pracowa\u0107 i skuteczniej reagowa\u0107 na kryzys.<\/p>\n<p>Premier podkre\u015bli\u0142, \u017ce rz\u0105d prowincji utrzymuje codzienny kontakt z w\u0142adzami federalnymi, cho\u0107 nie by\u0142o jeszcze potrzeby wzywania wojska do pomocy przy ewakuacjach lotniczych \u2013 do tej pory wszystkie akcje ewakuacyjne przebiega\u0142y drog\u0105 l\u0105dow\u0105.<\/p>\n<p>Najpowa\u017cniejszym i wci\u0105\u017c nieopanowanym zagro\u017ceniem pozostaje po\u017car Shoe. Tu\u017c za nim pod wzgl\u0119dem intensywno\u015bci plasuje si\u0119 ogie\u0144 nazwany Pisew, zagra\u017caj\u0105cy terenowi w pobli\u017cu La Ronge.<\/p>\n<p>W p\u00f3\u0142nocnej cz\u0119\u015bci prowincji stra\u017cacy z North Battleford wsp\u00f3\u0142pracuj\u0105 z innymi jednostkami, pr\u00f3buj\u0105c opanowa\u0107 sytuacj\u0119. Do dzia\u0142a\u0144 ga\u015bniczych zaanga\u017cowano ponad 50 stra\u017cak\u00f3w z r\u00f3\u017cnych cz\u0119\u015bci Saskatchewan oraz Stan\u00f3w Zjednoczonych, prowadz\u0105cych skoordynowan\u0105 akcj\u0119.<\/p>\n<p>W\u0142adze North Battleford opublikowa\u0142y w mediach spo\u0142eczno\u015bciowych aktualizacj\u0119 na temat trudnych warunk\u00f3w, z jakimi zmagaj\u0105 si\u0119 s\u0142u\u017cby przy po\u017carze Pisew.<br \/>\n\u201eZmienny wiatr znacznie komplikuje dzia\u0142ania ga\u015bnicze\u201d \u2013 napisano na platformie X (dawniej Twitter).<br \/>\n\u201eNasi stra\u017cacy s\u0105 wyczerpani, ale nie ustaj\u0105 w pracy. Wspieraj\u0105 ich mieszka\u0144cy La Ronge, oferuj\u0105c pomoc i opiek\u0119 na miejscu\u201d.<\/p>\n","protected":false},"excerpt":{"rendered":"<p>Scott Moe Premier prowincji Saskatchewan, Scott Moe, og\u0142osi\u0142, \u017ce dwie osoby zosta\u0142y oskar\u017cone o celowe wzniecenie po\u017car\u00f3w las\u00f3w. Jedna z tych os\u00f3b zosta\u0142a formalnie oskar\u017cona&hellip;<\/p>\n","protected":false},"author":3,"featured_media":1808,"comment_status":"open","ping_status":"open","sticky":false,"template":"","format":"standard","meta":{"footnotes":""},"categories":[12,18],"tags":[],"class_list":["post-1807","post","type-post","status-publish","format-standard","has-post-thumbnail","hentry","category-kanada","category-top-news"],"_links":{"self":[{"href":"https:\/\/radiopoloniawinnipeg.com\/index.php\/wp-json\/wp\/v2\/posts\/1807","targetHints":{"allow":["GET"]}}],"collection":[{"href":"https:\/\/radiopoloniawinnipeg.com\/index.php\/wp-json\/wp\/v2\/posts"}],"about":[{"href":"https:\/\/radiopoloniawinnipeg.com\/index.php\/wp-json\/wp\/v2\/types\/post"}],"author":[{"embeddable":true,"href":"https:\/\/radiopoloniawinnipeg.com\/index.php\/wp-json\/wp\/v2\/users\/3"}],"replies":[{"embeddable":true,"href":"https:\/\/radiopoloniawinnipeg.com\/index.php\/wp-json\/wp\/v2\/comments?post=1807"}],"version-history":[{"count":0,"href":"https:\/\/radiopoloniawinnipeg.com\/index.php\/wp-json\/wp\/v2\/posts\/1807\/revisions"}],"wp:featuredmedia":[{"embeddable":true,"href":"https:\/\/radiopoloniawinnipeg.com\/index.php\/wp-json\/wp\/v2\/media\/1808"}],"wp:attachment":[{"href":"https:\/\/radiopoloniawinnipeg.com\/index.php\/wp-json\/wp\/v2\/media?parent=1807"}],"wp:term":[{"taxonomy":"category","embeddable":true,"href":"https:\/\/radiopoloniawinnipeg.com\/index.php\/wp-json\/wp\/v2\/categories?post=1807"},{"taxonomy":"post_tag","embeddable":true,"href":"https:\/\/radiopoloniawinnipeg.com\/index.php\/wp-json\/wp\/v2\/tags?post=1807"}],"curies":[{"name":"wp","href":"https:\/\/api.w.org\/{rel}","templated":true}]}}