{"id":1813,"date":"2025-06-08T18:15:05","date_gmt":"2025-06-08T22:15:05","guid":{"rendered":"https:\/\/radiopoloniawinnipeg.com\/index.php\/2025\/06\/08\/sum-gigant-zlapany-w-szczecinie\/"},"modified":"2025-06-08T18:15:05","modified_gmt":"2025-06-08T22:15:05","slug":"sum-gigant-zlapany-w-szczecinie","status":"publish","type":"post","link":"https:\/\/radiopoloniawinnipeg.com\/index.php\/2025\/06\/08\/sum-gigant-zlapany-w-szczecinie\/","title":{"rendered":"Sum-gigant z\u0142apany w Szczecinie"},"content":{"rendered":"<p><img decoding=\"async\" loading=\"lazy\" class=\"aligncenter size-custom-full-size wp-image-214208\" src=\"https:\/\/bejsment.com\/wp-content\/uploads\/2025\/06\/aasum2-636x848.jpg\" alt=\"\" width=\"636\" height=\"848\" \/><\/p>\n<p><strong>Pan Micha\u0142 z\u0142apa\u0142 wielk\u0105 ryb\u0119 w pobli\u017cu Mostu Pionier\u00f3w. To nie pierwszy tak du\u017cy sum, kt\u00f3ry wpad\u0142 w r\u0119ce w\u0119dkarza.<\/strong><\/p>\n<p>&#8211; To s\u0105 prawdziwe zabytki natury. Mierzy\u0142 252 centymetry. Po sesji fotograficznej sum wr\u00f3ci\u0142 szybko do swojego kr\u00f3lestwa! &#8211; m\u00f3wi Micha\u0142 Che\u0142kowski ze Szczecina.<\/p>\n<p>To nie pierwsza tak du\u017ca sztuka, kt\u00f3r\u0105 z\u0142owi\u0142 pan Micha\u0142, od lat specjalizuje si\u0119 w w\u0119dkarstwie sumowym. W lipcu 2023 roku G\u0142os Szczeci\u0144ski informowa\u0142 o tym, \u017ce pan Micha\u0142 wyci\u0105gn\u0105\u0142 w pobli\u017cu Mostu Pionier\u00f3w z wody prawie 2,5 metrowego giganta. Wa\u017cy\u0142 oko\u0142o 100 kg.<\/p>\n<p style=\"text-align: right\"><em>Na podst. G\u0142os Szczeci\u0144ski<\/em><\/p>\n","protected":false},"excerpt":{"rendered":"<p>Pan Micha\u0142 z\u0142apa\u0142 wielk\u0105 ryb\u0119 w pobli\u017cu Mostu Pionier\u00f3w. To nie pierwszy tak du\u017cy sum, kt\u00f3ry wpad\u0142 w r\u0119ce w\u0119dkarza. &#8211; To s\u0105 prawdziwe zabytki&hellip;<\/p>\n","protected":false},"author":3,"featured_media":1814,"comment_status":"open","ping_status":"open","sticky":false,"template":"","format":"standard","meta":{"footnotes":""},"categories":[14,18],"tags":[],"class_list":["post-1813","post","type-post","status-publish","format-standard","has-post-thumbnail","hentry","category-polska","category-top-news"],"_links":{"self":[{"href":"https:\/\/radiopoloniawinnipeg.com\/index.php\/wp-json\/wp\/v2\/posts\/1813","targetHints":{"allow":["GET"]}}],"collection":[{"href":"https:\/\/radiopoloniawinnipeg.com\/index.php\/wp-json\/wp\/v2\/posts"}],"about":[{"href":"https:\/\/radiopoloniawinnipeg.com\/index.php\/wp-json\/wp\/v2\/types\/post"}],"author":[{"embeddable":true,"href":"https:\/\/radiopoloniawinnipeg.com\/index.php\/wp-json\/wp\/v2\/users\/3"}],"replies":[{"embeddable":true,"href":"https:\/\/radiopoloniawinnipeg.com\/index.php\/wp-json\/wp\/v2\/comments?post=1813"}],"version-history":[{"count":0,"href":"https:\/\/radiopoloniawinnipeg.com\/index.php\/wp-json\/wp\/v2\/posts\/1813\/revisions"}],"wp:featuredmedia":[{"embeddable":true,"href":"https:\/\/radiopoloniawinnipeg.com\/index.php\/wp-json\/wp\/v2\/media\/1814"}],"wp:attachment":[{"href":"https:\/\/radiopoloniawinnipeg.com\/index.php\/wp-json\/wp\/v2\/media?parent=1813"}],"wp:term":[{"taxonomy":"category","embeddable":true,"href":"https:\/\/radiopoloniawinnipeg.com\/index.php\/wp-json\/wp\/v2\/categories?post=1813"},{"taxonomy":"post_tag","embeddable":true,"href":"https:\/\/radiopoloniawinnipeg.com\/index.php\/wp-json\/wp\/v2\/tags?post=1813"}],"curies":[{"name":"wp","href":"https:\/\/api.w.org\/{rel}","templated":true}]}}