{"id":1821,"date":"2025-06-09T07:00:09","date_gmt":"2025-06-09T11:00:09","guid":{"rendered":"https:\/\/radiopoloniawinnipeg.com\/index.php\/2025\/06\/09\/pilnujmy-polski-prezydent-o-probie-przekrecenia-wyborow\/"},"modified":"2025-06-09T07:00:09","modified_gmt":"2025-06-09T11:00:09","slug":"pilnujmy-polski-prezydent-o-probie-przekrecenia-wyborow","status":"publish","type":"post","link":"https:\/\/radiopoloniawinnipeg.com\/index.php\/2025\/06\/09\/pilnujmy-polski-prezydent-o-probie-przekrecenia-wyborow\/","title":{"rendered":"\u201ePilnujmy Polski&#8221;. Prezydent o pr\u00f3bie \u201eprzekr\u0119cenia wybor\u00f3w&#8221;"},"content":{"rendered":"<p><img decoding=\"async\" loading=\"lazy\" class=\"aligncenter size-custom-full-size wp-image-214279\" src=\"https:\/\/bejsment.com\/wp-content\/uploads\/2025\/06\/aaprezydentandrzejduda-636x358.jpg\" alt=\"\" width=\"636\" height=\"358\" \/><\/p>\n<p><strong>Prezydent Andrzej Duda ostro skomentowa\u0142 tocz\u0105c\u0105 si\u0119 dyskusj\u0119 wok\u00f3\u0142 wynik\u00f3w ostatnich wybor\u00f3w prezydenckich. W poniedzia\u0142ek na portalu X (d. Twitter) napisa\u0142, \u017ce <em>\u201epostkomuni\u015bci do sp\u00f3\u0142ki z liberalno-lewicowymi chc\u0105 przekr\u0119ci\u0107 ostatnie, rozstrzygni\u0119te ju\u017c wybory prezydenckie w Polsce i odebra\u0107 nam wolno\u015b\u0107 wyboru\u201d<\/em>.<\/strong><\/p>\n<p>\u2014 Nie dajmy si\u0119, my wyborcy! Nie dajmy sobie odebra\u0107 tych resztek demokracji i wolno\u015bci, kt\u00f3re po 13 grudnia 2023 roku wci\u0105\u017c jeszcze zosta\u0142y! Pilnujmy Polski! \u2014 zaapelowa\u0142 prezydent.<\/p>\n<p>W tle emocjonalnego wpisu trwa procedura rozpatrywania protest\u00f3w wyborczych. W ubieg\u0142ym tygodniu szefowa sztabu Rafa\u0142a Trzaskowskiego, Wioletta Paprocka, zapowiedzia\u0142a, \u017ce jej zesp\u00f3\u0142 skieruje do Pa\u0144stwowej Komisji Wyborczej wnioski o wyja\u015bnienie zg\u0142oszonych nieprawid\u0142owo\u015bci.<\/p>\n<p>\u2014 Je\u015bli widzicie nieprawid\u0142owo\u015bci \u2014 zg\u0142aszajcie je na stronie protestwyborczy2025.pl \u2014 zaapelowa\u0142a.<\/p>\n<p>Jednym z potwierdzonych przypadk\u00f3w b\u0142\u0119d\u00f3w by\u0142a sytuacja w komisji nr 95 przy ul. Stawowej w Krakowie, gdzie b\u0142\u0119dnie przypisano g\u0142osy oddane na Karola Nawrockiego i Rafa\u0142a Trzaskowskiego.<\/p>\n<p>Do poniedzia\u0142ku do S\u0105du Najwy\u017cszego wp\u0142yn\u0119\u0142o 28 protest\u00f3w przeciwko wyborowi prezydenta \u2014 poinformowa\u0142a Monika Drwal z zespo\u0142u prasowego SN. Termin na sk\u0142adanie protest\u00f3w mija 16 czerwca. S\u0105d Najwy\u017cszy, po rozpatrzeniu wszystkich protest\u00f3w i analizie sprawozdania PKW, ma czas do 2 lipca na stwierdzenie wa\u017cno\u015bci wybor\u00f3w.<\/p>\n<p>Obecnie w\u0142a\u015bciw\u0105 do rozpatrywania protest\u00f3w jest Izba Kontroli Nadzwyczajnej i Spraw Publicznych SN, powo\u0142ana w 2018 r. podczas rz\u0105d\u00f3w PiS. Sk\u0142ad izby budzi kontrowersje \u2014 jej status jest kwestionowany przez obecny rz\u0105d, kt\u00f3ry przywo\u0142uje m.in. orzeczenia TSUE i Europejskiego Trybuna\u0142u Praw Cz\u0142owieka. Przed 2018 r. sprawy wyborcze rozpatrywa\u0142a Izba Pracy, Ubezpiecze\u0144 i Spraw Publicznych.<\/p>\n<p>W ubieg\u0142ym tygodniu I prezes SN Ma\u0142gorzata Manowska podkre\u015bli\u0142a, \u017ce publiczne wypowiedzi podwa\u017caj\u0105ce konstytucyjne kompetencje izby <em>\u201ewynikaj\u0105 z nieznajomo\u015bci prawa lub s\u0105 motywowane zamiarem politycznej destabilizacji\u201d<\/em>.<\/p>\n<p>R\u00f3\u017cnica mi\u0119dzy kandydatami w drugiej turze wynios\u0142a ponad 369 tys. g\u0142os\u00f3w. Karol Nawrocki zdoby\u0142 10 mln 606 tys. 877 g\u0142os\u00f3w, a Rafa\u0142 Trzaskowski \u2014 10 mln 237 tys. 286. W efekcie Nawrocki zosta\u0142 wybrany na prezydenta RP.<\/p>\n<p><em>Na podst. Polsat News<\/em><\/p>\n","protected":false},"excerpt":{"rendered":"<p>Prezydent Andrzej Duda ostro skomentowa\u0142 tocz\u0105c\u0105 si\u0119 dyskusj\u0119 wok\u00f3\u0142 wynik\u00f3w ostatnich wybor\u00f3w prezydenckich. W poniedzia\u0142ek na portalu X (d. Twitter) napisa\u0142, \u017ce \u201epostkomuni\u015bci do sp\u00f3\u0142ki&hellip;<\/p>\n","protected":false},"author":3,"featured_media":1822,"comment_status":"open","ping_status":"open","sticky":false,"template":"","format":"standard","meta":{"footnotes":""},"categories":[14,18],"tags":[],"class_list":["post-1821","post","type-post","status-publish","format-standard","has-post-thumbnail","hentry","category-polska","category-top-news"],"_links":{"self":[{"href":"https:\/\/radiopoloniawinnipeg.com\/index.php\/wp-json\/wp\/v2\/posts\/1821","targetHints":{"allow":["GET"]}}],"collection":[{"href":"https:\/\/radiopoloniawinnipeg.com\/index.php\/wp-json\/wp\/v2\/posts"}],"about":[{"href":"https:\/\/radiopoloniawinnipeg.com\/index.php\/wp-json\/wp\/v2\/types\/post"}],"author":[{"embeddable":true,"href":"https:\/\/radiopoloniawinnipeg.com\/index.php\/wp-json\/wp\/v2\/users\/3"}],"replies":[{"embeddable":true,"href":"https:\/\/radiopoloniawinnipeg.com\/index.php\/wp-json\/wp\/v2\/comments?post=1821"}],"version-history":[{"count":0,"href":"https:\/\/radiopoloniawinnipeg.com\/index.php\/wp-json\/wp\/v2\/posts\/1821\/revisions"}],"wp:featuredmedia":[{"embeddable":true,"href":"https:\/\/radiopoloniawinnipeg.com\/index.php\/wp-json\/wp\/v2\/media\/1822"}],"wp:attachment":[{"href":"https:\/\/radiopoloniawinnipeg.com\/index.php\/wp-json\/wp\/v2\/media?parent=1821"}],"wp:term":[{"taxonomy":"category","embeddable":true,"href":"https:\/\/radiopoloniawinnipeg.com\/index.php\/wp-json\/wp\/v2\/categories?post=1821"},{"taxonomy":"post_tag","embeddable":true,"href":"https:\/\/radiopoloniawinnipeg.com\/index.php\/wp-json\/wp\/v2\/tags?post=1821"}],"curies":[{"name":"wp","href":"https:\/\/api.w.org\/{rel}","templated":true}]}}