{"id":1833,"date":"2025-06-09T16:30:05","date_gmt":"2025-06-09T20:30:05","guid":{"rendered":"https:\/\/radiopoloniawinnipeg.com\/index.php\/2025\/06\/09\/leon-xiv-porzadkuje-watykan\/"},"modified":"2025-06-09T16:30:05","modified_gmt":"2025-06-09T20:30:05","slug":"leon-xiv-porzadkuje-watykan","status":"publish","type":"post","link":"https:\/\/radiopoloniawinnipeg.com\/index.php\/2025\/06\/09\/leon-xiv-porzadkuje-watykan\/","title":{"rendered":"Leon XIV porz\u0105dkuje Watykan"},"content":{"rendered":"<p><img decoding=\"async\" loading=\"lazy\" class=\"aligncenter size-custom-full-size wp-image-214308\" src=\"https:\/\/bejsment.com\/wp-content\/uploads\/2025\/06\/aaleon-636x478.jpg\" alt=\"\" width=\"636\" height=\"478\" \/><\/p>\n<p><strong>Nowy papie\u017c uspokoi\u0142 atmosfer\u0119 wok\u00f3\u0142 Watykanu i odbudowa\u0142 relacje z Kuri\u0105. Na g\u0142\u0119bszy zwrot doktrynalny na razie si\u0119 nie zanosi \u2014 pontyfikat Leona XIV to raczej spokojna kontynuacja.<\/strong><\/p>\n<p>Kiedy 8 maja nowy papie\u017c Leon XIV ukaza\u0142 si\u0119 na balkonie bazyliki \u015bw. Piotra w tradycyjnym stroju, wielu katolik\u00f3w odczyta\u0142o ten gest jako powr\u00f3t do normalno\u015bci po latach pontyfikatu Franciszka. Rzeczywi\u015bcie, nowy biskup Rzymu wprowadza bardziej uporz\u0105dkowany styl sprawowania urz\u0119du, ale nie oznacza to gruntownego zerwania z lini\u0105 poprzednika.<\/p>\n<p>Leon XIV zrezygnowa\u0142 z demonstracyjnego \u201eogo\u0142acania\u201d papiestwa ze znak\u00f3w i symboli, do kt\u00f3rego przyzwyczai\u0142 \u015bwiat papie\u017c Franciszek. Przywi\u0105zuje wi\u0119ksz\u0105 wag\u0119 do pi\u0119kna liturgii, cho\u0107 bez nadmiernego przepychu. Mieszka w Pa\u0142acu Apostolskim, unika spontanicznych i nieprzemy\u015blanych wypowiedzi, kt\u00f3re w czasach Franciszka cz\u0119sto wywo\u0142ywa\u0142y medialny chaos.<\/p>\n<p>Wyra\u017ana zmiana dotyczy te\u017c relacji z Kuri\u0105 Rzymsk\u0105. Franciszek unika\u0142 wsp\u00f3\u0142pracy z kurialistami, publicznie pi\u0119tnuj\u0105c ich w 2014 r. za liczne \u201echoroby\u201d, od braku wiary po karierowiczostwo. Leon XIV przyj\u0105\u0142 inn\u0105 postaw\u0119 \u2014 od pocz\u0105tku sygnalizuje wol\u0119 \u015bcis\u0142ej wsp\u00f3\u0142pracy z Kuri\u0105, podkre\u015blaj\u0105c jej znaczenie dla stabilno\u015bci Stolicy Apostolskiej.<\/p>\n<p>Pod znakiem zapytania stoi natomiast przysz\u0142o\u015b\u0107 synodalno\u015bci. Franciszek, nie definiuj\u0105c precyzyjnie tego poj\u0119cia, zainicjowa\u0142 w 2021 r. proces synodalny, kt\u00f3ry w marcu br. przed\u0142u\u017cy\u0142 do 2028 r. Leon XIV przej\u0105\u0142 ten trudny spadek, ale jak dot\u0105d unika podkre\u015blania synodalizacji jako priorytetu. Daje to nadziej\u0119 na bardziej uporz\u0105dkowane i zgodne z prawem kanonicznym podej\u015bcie do tego procesu.<\/p>\n<p>Cho\u0107 styl rz\u0105dzenia Leona XIV jest spokojniejszy, to jego pierwsze decyzje wskazuj\u0105, \u017ce nie planuje on g\u0142\u0119bokiej rewizji linii teologicznej Franciszka. Dowodem s\u0105 m.in. personalne nominacje.<\/p>\n<p>Papieska Dykasteria ds. Zakon\u00f3w pozostaje pod kierownictwem kobiet \u2014 sekretarzem zosta\u0142a s. Tiziana Merletti. Cho\u0107 niekt\u00f3rzy hierarchowie kwestionuj\u0105 powierzanie urz\u0119d\u00f3w w\u0142adzy osobom bez \u015bwi\u0119ce\u0144 kap\u0142a\u0144skich, Leon XIV kontynuuje model wprowadzony przez Franciszka.<\/p>\n<p>Podobnie post\u0105pi\u0142 w sprawie Papieskiej Akademii \u017bycia i Papieskiego Instytutu Jana Paw\u0142a II \u2014 dw\u00f3ch kluczowych instytucji zwi\u0105zanych z obron\u0105 katolickiego nauczania moralnego. Mimo krytyki dotychczasowego kierunku, Leon XIV utrzyma\u0142 w nich ludzi zwi\u0105zanych z reformami Franciszka.<\/p>\n<p>Pierwsze tygodnie pontyfikatu Leona XIV przynios\u0142y wyra\u017ane uporz\u0105dkowanie stylu sprawowania urz\u0119du i popraw\u0119 relacji z Kuri\u0105 Rzymsk\u0105. Nie oznacza to jednak pr\u00f3by teologicznego zwrotu. Stolica Apostolska pod nowym papie\u017cem sta\u0142a si\u0119 bardziej przewidywalna, ale g\u0142\u0119bokie problemy doktrynalne, kt\u00f3re naros\u0142y w ostatnich dekadach, wci\u0105\u017c czekaj\u0105 na rozwi\u0105zanie.<\/p>\n<p><em>Na podst. KAI<\/em><\/p>\n","protected":false},"excerpt":{"rendered":"<p>Nowy papie\u017c uspokoi\u0142 atmosfer\u0119 wok\u00f3\u0142 Watykanu i odbudowa\u0142 relacje z Kuri\u0105. Na g\u0142\u0119bszy zwrot doktrynalny na razie si\u0119 nie zanosi \u2014 pontyfikat Leona XIV to&hellip;<\/p>\n","protected":false},"author":3,"featured_media":1834,"comment_status":"open","ping_status":"open","sticky":false,"template":"","format":"standard","meta":{"footnotes":""},"categories":[15,18],"tags":[],"class_list":["post-1833","post","type-post","status-publish","format-standard","has-post-thumbnail","hentry","category-swiat","category-top-news"],"_links":{"self":[{"href":"https:\/\/radiopoloniawinnipeg.com\/index.php\/wp-json\/wp\/v2\/posts\/1833","targetHints":{"allow":["GET"]}}],"collection":[{"href":"https:\/\/radiopoloniawinnipeg.com\/index.php\/wp-json\/wp\/v2\/posts"}],"about":[{"href":"https:\/\/radiopoloniawinnipeg.com\/index.php\/wp-json\/wp\/v2\/types\/post"}],"author":[{"embeddable":true,"href":"https:\/\/radiopoloniawinnipeg.com\/index.php\/wp-json\/wp\/v2\/users\/3"}],"replies":[{"embeddable":true,"href":"https:\/\/radiopoloniawinnipeg.com\/index.php\/wp-json\/wp\/v2\/comments?post=1833"}],"version-history":[{"count":0,"href":"https:\/\/radiopoloniawinnipeg.com\/index.php\/wp-json\/wp\/v2\/posts\/1833\/revisions"}],"wp:featuredmedia":[{"embeddable":true,"href":"https:\/\/radiopoloniawinnipeg.com\/index.php\/wp-json\/wp\/v2\/media\/1834"}],"wp:attachment":[{"href":"https:\/\/radiopoloniawinnipeg.com\/index.php\/wp-json\/wp\/v2\/media?parent=1833"}],"wp:term":[{"taxonomy":"category","embeddable":true,"href":"https:\/\/radiopoloniawinnipeg.com\/index.php\/wp-json\/wp\/v2\/categories?post=1833"},{"taxonomy":"post_tag","embeddable":true,"href":"https:\/\/radiopoloniawinnipeg.com\/index.php\/wp-json\/wp\/v2\/tags?post=1833"}],"curies":[{"name":"wp","href":"https:\/\/api.w.org\/{rel}","templated":true}]}}