{"id":1849,"date":"2025-06-10T08:30:05","date_gmt":"2025-06-10T12:30:05","guid":{"rendered":"https:\/\/radiopoloniawinnipeg.com\/index.php\/2025\/06\/10\/szef-nato-rosja-moze-zaatakowac-za-4-5-lat\/"},"modified":"2025-06-10T08:30:05","modified_gmt":"2025-06-10T12:30:05","slug":"szef-nato-rosja-moze-zaatakowac-za-4-5-lat","status":"publish","type":"post","link":"https:\/\/radiopoloniawinnipeg.com\/index.php\/2025\/06\/10\/szef-nato-rosja-moze-zaatakowac-za-4-5-lat\/","title":{"rendered":"Szef NATO: Rosja mo\u017ce zaatakowa\u0107 za 4\u20135 lat"},"content":{"rendered":"<div id=\"attachment_214407\" style=\"width: 646px\" class=\"wp-caption aligncenter\"><img decoding=\"async\" loading=\"lazy\" aria-describedby=\"caption-attachment-214407\" class=\"size-custom-full-size wp-image-214407\" src=\"https:\/\/bejsment.com\/wp-content\/uploads\/2025\/06\/aarutte-636x477.jpg\" alt=\"\" width=\"636\" height=\"477\" \/><\/p>\n<p id=\"caption-attachment-214407\" class=\"wp-caption-text\">Mark Rutte<\/p>\n<\/div>\n<p><strong>Federacja Rosyjska szybko modernizuje swoj\u0105 armi\u0119 i w ci\u0105gu kilku lat mo\u017ce by\u0107 gotowa do agresji wobec pa\u0144stw NATO \u2014 ostrzeg\u0142 sekretarz generalny Sojuszu Mark Rutte podczas wyst\u0105pienia w Kr\u00f3lewskim Instytucie Spraw Mi\u0119dzynarodowych w Londynie.<\/strong><\/p>\n<p>\u2014 Je\u015bli chodzi o amunicj\u0119, Rosja produkuje jej w ci\u0105gu trzech miesi\u0119cy tyle, ile ca\u0142e NATO w ci\u0105gu roku \u2014 podkre\u015bli\u0142 Rutte. Doda\u0142, \u017ce rosyjska machina wojenna nie zwalnia tempa, a wr\u0119cz nabiera rozp\u0119du.<\/p>\n<p>Moskwa odbudowuje sw\u00f3j potencja\u0142 militarny przy wsparciu Chin, Iranu i Korei P\u00f3\u0142nocnej. Korzysta tak\u017ce z chi\u0144skich technologii w modernizacji armii. \u2014 W tym roku rosyjski przemys\u0142 zbrojeniowy ma wyprodukowa\u0107 1500 czo\u0142g\u00f3w, 3000 pojazd\u00f3w opancerzonych i 200 pocisk\u00f3w Iskander \u2014 wylicza\u0142 szef NATO.<\/p>\n<p>Rutte ostrzeg\u0142, \u017ce prezydent W\u0142adimir Putin \u201eprzygotowuje si\u0119 do konfrontacji, a nie do pokoju\u201d. Jego zdaniem Rosja mo\u017ce by\u0107 gotowa do ataku na Zach\u00f3d w perspektywie 4\u20135 lat.<\/p>\n<h3><strong>Eksperci: czas na przygotowania<\/strong><\/h3>\n<p>W\u015br\u00f3d zachodnich ekspert\u00f3w rosn\u0105 obawy przed mo\u017cliwym konfliktem z Rosj\u0105. Prezes Biura Zam\u00f3wie\u0144 Bundeswehry Annette L\u00f6nigk-Emden oceni\u0142a, \u017ce Europa ma zaledwie trzy lata na modernizacj\u0119 swoich si\u0142 zbrojnych.<\/p>\n<p>\u2014 Do 2028 r. musimy zakupi\u0107 wszystko, co niezb\u0119dne do pe\u0142nej gotowo\u015bci obronnej. \u017bo\u0142nierze musz\u0105 szkoli\u0107 si\u0119 na nowym sprz\u0119cie. Duch ch\u0119ci do dzia\u0142ania ju\u017c istnieje \u2014 podkre\u015bli\u0142a.<\/p>\n<p>Podczas londy\u0144skiego przem\u00f3wienia Rutte powo\u0142a\u0142 si\u0119 r\u00f3wnie\u017c na szacunki niemieckiego resortu obrony, wed\u0142ug kt\u00f3rych do 2029 r. Rosjanie mog\u0105 by\u0107 w stanie zorganizowa\u0107 skuteczny atak na NATO.<\/p>\n<p>\u2014 Je\u015bli nie zaczniemy dzia\u0142a\u0107 teraz, to przez najbli\u017csze trzy lata wszystko b\u0119dzie w porz\u0105dku. Ale je\u015bli nie podejmiemy dzia\u0142a\u0144 ju\u017c dzi\u015b, to za 4\u20135 lat b\u0119dziemy zagro\u017ceni \u2014 przestrzeg\u0142 Rutte, apeluj\u0105c o zwi\u0119kszenie wydatk\u00f3w obronnych pa\u0144stw NATO.<\/p>\n<p style=\"text-align: right\"><em>Na podst. BBC, DPA<\/em><\/p>\n","protected":false},"excerpt":{"rendered":"<p>Mark Rutte Federacja Rosyjska szybko modernizuje swoj\u0105 armi\u0119 i w ci\u0105gu kilku lat mo\u017ce by\u0107 gotowa do agresji wobec pa\u0144stw NATO \u2014 ostrzeg\u0142 sekretarz generalny&hellip;<\/p>\n","protected":false},"author":3,"featured_media":1850,"comment_status":"open","ping_status":"open","sticky":false,"template":"","format":"standard","meta":{"footnotes":""},"categories":[15,18],"tags":[],"class_list":["post-1849","post","type-post","status-publish","format-standard","has-post-thumbnail","hentry","category-swiat","category-top-news"],"_links":{"self":[{"href":"https:\/\/radiopoloniawinnipeg.com\/index.php\/wp-json\/wp\/v2\/posts\/1849","targetHints":{"allow":["GET"]}}],"collection":[{"href":"https:\/\/radiopoloniawinnipeg.com\/index.php\/wp-json\/wp\/v2\/posts"}],"about":[{"href":"https:\/\/radiopoloniawinnipeg.com\/index.php\/wp-json\/wp\/v2\/types\/post"}],"author":[{"embeddable":true,"href":"https:\/\/radiopoloniawinnipeg.com\/index.php\/wp-json\/wp\/v2\/users\/3"}],"replies":[{"embeddable":true,"href":"https:\/\/radiopoloniawinnipeg.com\/index.php\/wp-json\/wp\/v2\/comments?post=1849"}],"version-history":[{"count":0,"href":"https:\/\/radiopoloniawinnipeg.com\/index.php\/wp-json\/wp\/v2\/posts\/1849\/revisions"}],"wp:featuredmedia":[{"embeddable":true,"href":"https:\/\/radiopoloniawinnipeg.com\/index.php\/wp-json\/wp\/v2\/media\/1850"}],"wp:attachment":[{"href":"https:\/\/radiopoloniawinnipeg.com\/index.php\/wp-json\/wp\/v2\/media?parent=1849"}],"wp:term":[{"taxonomy":"category","embeddable":true,"href":"https:\/\/radiopoloniawinnipeg.com\/index.php\/wp-json\/wp\/v2\/categories?post=1849"},{"taxonomy":"post_tag","embeddable":true,"href":"https:\/\/radiopoloniawinnipeg.com\/index.php\/wp-json\/wp\/v2\/tags?post=1849"}],"curies":[{"name":"wp","href":"https:\/\/api.w.org\/{rel}","templated":true}]}}