{"id":1851,"date":"2025-06-10T09:15:03","date_gmt":"2025-06-10T13:15:03","guid":{"rendered":"https:\/\/radiopoloniawinnipeg.com\/index.php\/2025\/06\/10\/brat-terry-ego-foxa-wyruszyl-w-rowerowy-maraton-nadziei\/"},"modified":"2025-06-10T09:15:03","modified_gmt":"2025-06-10T13:15:03","slug":"brat-terry-ego-foxa-wyruszyl-w-rowerowy-maraton-nadziei","status":"publish","type":"post","link":"https:\/\/radiopoloniawinnipeg.com\/index.php\/2025\/06\/10\/brat-terry-ego-foxa-wyruszyl-w-rowerowy-maraton-nadziei\/","title":{"rendered":"Brat Terry&#8217;ego Foxa wyruszy\u0142 w rowerowy Maraton Nadziei"},"content":{"rendered":"<div id=\"attachment_214380\" style=\"width: 548px\" class=\"wp-caption aligncenter\"><img decoding=\"async\" loading=\"lazy\" aria-describedby=\"caption-attachment-214380\" class=\"size-custom-full-size wp-image-214380\" src=\"https:\/\/bejsment.com\/wp-content\/uploads\/2025\/06\/aaterryfox.jpg\" alt=\"\" width=\"538\" height=\"302\" \/><\/p>\n<p id=\"caption-attachment-214380\" class=\"wp-caption-text\">Terry Fox<\/p>\n<\/div>\n<p><strong>Ponad cztery dekady po s\u0142ynnym Maratonie Nadziei Terry&#8217;ego Foxa, jego m\u0142odszy brat Darrell przewodzi grupie kolarzy, kt\u00f3rzy przemierzaj\u0105 Kanad\u0119, by zbiera\u0107 fundusze na badania nad rakiem i szerzy\u0107 \u015bwiadomo\u015b\u0107 na temat tej choroby.<\/strong><\/p>\n<p>O\u015bmioosobowa grupa wyruszy\u0142a w poniedzia\u0142ek rano z Terry Fox Plaza w Vancouver. W ci\u0105gu najbli\u017cszego miesi\u0105ca planuj\u0105 pokonywa\u0107 oko\u0142o 220 kilometr\u00f3w dziennie, by dotrze\u0107 do St. John&#8217;s w Nowej Fundlandii 10 lipca.<\/p>\n<p>\u2014 B\u0119dzie ci\u0119\u017cko, ale jestem got\u00f3w podj\u0105\u0107 to wyzwanie \u2014 powiedzia\u0142 Darrell Fox w rozmowie z 1130 NewsRadio. \u2014 My\u015bl\u0119, \u017ce Terry b\u0119dzie ze mn\u0105 przy ka\u017cdym naci\u015bni\u0119ciu peda\u0142u i dam z siebie wszystko, by dotrze\u0107 do St. John&#8217;s.<\/p>\n<p>63-letni Darrell przypomnia\u0142, \u017ce w 1980 roku towarzyszy\u0142 bratu podczas oryginalnego Maratonu Nadziei jako cz\u0142onek zespo\u0142u wsparcia.<\/p>\n<p>\u2014 Terry codziennie przez 93 dni biega\u0142 maraton na sztucznej nodze. Tamten czas na zawsze mnie ukszta\u0142towa\u0142. Teraz jego przyk\u0142ad wci\u0105\u017c mnie inspiruje \u2014 doda\u0142.<\/p>\n<p>Fox przyzna\u0142, \u017ce po \u015bmierci brata przez kilka lat trudno mu by\u0142o mierzy\u0107 si\u0119 z jego spu\u015bcizn\u0105, ale dzi\u015b traktuje j\u0105 jako dar. \u2014 Ka\u017cdego dnia ucz\u0119 si\u0119 czego\u015b nowego z jego przyk\u0142adu. Terry by\u0142 zwyk\u0142ym cz\u0142owiekiem o niezwyk\u0142ej determinacji. Nie lubimy, gdy jest stawiany na piedestale \u2014 nie czu\u0142by si\u0119 tam komfortowo \u2014 podkre\u015bli\u0142.<\/p>\n<p>Cho\u0107 od \u015bmierci Terry&#8217;ego min\u0119\u0142y 44 lata, dla Darrella strata brata wci\u0105\u017c jest bolesna. \u2014 To nigdy nie znika. Ale m\u00f3wienie o Terrym i o tym, co pr\u00f3bowa\u0142 osi\u0105gn\u0105\u0107, jest wa\u017cn\u0105 cz\u0119\u015bci\u0105 mojego procesu leczenia \u2014 wyzna\u0142.<\/p>\n<p><img decoding=\"async\" loading=\"lazy\" class=\"aligncenter size-custom-full-size wp-image-214381\" src=\"https:\/\/bejsment.com\/wp-content\/uploads\/2025\/06\/aakolarze-636x358.jpg\" alt=\"\" width=\"636\" height=\"358\" \/><\/p>\n<p>Podczas podr\u00f3\u017cy Darrell cz\u0119sto s\u0142ucha opowie\u015bci innych os\u00f3b o ich do\u015bwiadczeniach zwi\u0105zanych z rakiem. \u2014 Dziel\u0105 si\u0119 historiami o stracie bliskich albo o tych, kt\u00f3rzy teraz walcz\u0105 z chorob\u0105. To pomaga nam wszystkim \u2014 m\u00f3wi.<\/p>\n<p>Celem tegorocznego rowerowego Maratonu Nadziei jest zebranie co najmniej miliona dolar\u00f3w na badania i edukacj\u0119.<\/p>\n<p>\u2014 Pami\u0119tam, jak Terry w 1980 roku powiedzia\u0142: <em>\u201eWi\u0119cej pieni\u0119dzy\u201d<\/em>. To ca\u0142y czas chodzi w\u0142a\u015bnie o to: o zebranie \u015brodk\u00f3w \u2014 podkre\u015bli\u0142 Darrell.<\/p>\n<p>Dzi\u015b, jak zauwa\u017ca, efekty tych wysi\u0142k\u00f3w s\u0105 ju\u017c widoczne. \u2014 Ludzie \u017cyj\u0105 d\u0142u\u017cej z rakiem. Wielu prze\u017cywa chorob\u0119. Gdyby Terry zachorowa\u0142 dzisiaj, jest du\u017ca szansa, \u017ce prze\u017cy\u0142by i nie amputowano by mu nogi \u2014 zaznaczy\u0142.<\/p>\n<p>Darrell podkre\u015bli\u0142 te\u017c znaczenie rozwoju medycyny spersonalizowanej. \u2014 Chcemy leczy\u0107 w\u0142a\u015bciw\u0105 osob\u0119, w\u0142a\u015bciw\u0105 terapi\u0105, we w\u0142a\u015bciwym czasie. To jest przysz\u0142o\u015b\u0107.<\/p>\n<p>Na koniec wyrazi\u0142 nadziej\u0119, \u017ce podczas rowerowej podr\u00f3\u017cy przez Kanad\u0119 ludzie wespr\u0105 t\u0119 wa\u017cn\u0105 spraw\u0119. \u2014 Terry jest ikon\u0105, ale to niezwyk\u0142e, jak po tylu latach jego historia wci\u0105\u017c porusza ludzi. Jakby to by\u0142o wczoraj \u2014 doda\u0142.<\/p>\n<p style=\"text-align: right\"><em>Na podst. CityNews Vancouver<\/em><\/p>\n","protected":false},"excerpt":{"rendered":"<p>Terry Fox Ponad cztery dekady po s\u0142ynnym Maratonie Nadziei Terry&#8217;ego Foxa, jego m\u0142odszy brat Darrell przewodzi grupie kolarzy, kt\u00f3rzy przemierzaj\u0105 Kanad\u0119, by zbiera\u0107 fundusze na&hellip;<\/p>\n","protected":false},"author":3,"featured_media":1852,"comment_status":"open","ping_status":"open","sticky":false,"template":"","format":"standard","meta":{"footnotes":""},"categories":[12,18],"tags":[],"class_list":["post-1851","post","type-post","status-publish","format-standard","has-post-thumbnail","hentry","category-kanada","category-top-news"],"_links":{"self":[{"href":"https:\/\/radiopoloniawinnipeg.com\/index.php\/wp-json\/wp\/v2\/posts\/1851","targetHints":{"allow":["GET"]}}],"collection":[{"href":"https:\/\/radiopoloniawinnipeg.com\/index.php\/wp-json\/wp\/v2\/posts"}],"about":[{"href":"https:\/\/radiopoloniawinnipeg.com\/index.php\/wp-json\/wp\/v2\/types\/post"}],"author":[{"embeddable":true,"href":"https:\/\/radiopoloniawinnipeg.com\/index.php\/wp-json\/wp\/v2\/users\/3"}],"replies":[{"embeddable":true,"href":"https:\/\/radiopoloniawinnipeg.com\/index.php\/wp-json\/wp\/v2\/comments?post=1851"}],"version-history":[{"count":0,"href":"https:\/\/radiopoloniawinnipeg.com\/index.php\/wp-json\/wp\/v2\/posts\/1851\/revisions"}],"wp:featuredmedia":[{"embeddable":true,"href":"https:\/\/radiopoloniawinnipeg.com\/index.php\/wp-json\/wp\/v2\/media\/1852"}],"wp:attachment":[{"href":"https:\/\/radiopoloniawinnipeg.com\/index.php\/wp-json\/wp\/v2\/media?parent=1851"}],"wp:term":[{"taxonomy":"category","embeddable":true,"href":"https:\/\/radiopoloniawinnipeg.com\/index.php\/wp-json\/wp\/v2\/categories?post=1851"},{"taxonomy":"post_tag","embeddable":true,"href":"https:\/\/radiopoloniawinnipeg.com\/index.php\/wp-json\/wp\/v2\/tags?post=1851"}],"curies":[{"name":"wp","href":"https:\/\/api.w.org\/{rel}","templated":true}]}}