{"id":1853,"date":"2025-06-10T09:30:06","date_gmt":"2025-06-10T13:30:06","guid":{"rendered":"https:\/\/radiopoloniawinnipeg.com\/index.php\/2025\/06\/10\/strzelanina-w-szkole-w-austrii-zginelo-wiele-osob-sa-liczni-ranni\/"},"modified":"2025-06-10T09:30:06","modified_gmt":"2025-06-10T13:30:06","slug":"strzelanina-w-szkole-w-austrii-zginelo-wiele-osob-sa-liczni-ranni","status":"publish","type":"post","link":"https:\/\/radiopoloniawinnipeg.com\/index.php\/2025\/06\/10\/strzelanina-w-szkole-w-austrii-zginelo-wiele-osob-sa-liczni-ranni\/","title":{"rendered":"Strzelanina w szkole w Austrii. Zgin\u0119\u0142o wiele os\u00f3b, s\u0105 liczni ranni"},"content":{"rendered":"<p>We wtorek w jednej ze szk\u00f3\u0142 w Grazu dosz\u0142o do tragicznego ataku z u\u017cyciem broni palnej. Jak podaj\u0105 austriackie media, \u017cycie straci\u0142o dziesi\u0119\u0107 os\u00f3b, a wielu innych zosta\u0142o rannych. Sprawc\u0105 mia\u0142 by\u0107 22-letni by\u0142y ucze\u0144 szko\u0142y. Policja potwierdzi\u0142a, \u017ce r\u00f3wnie\u017c on znajduje si\u0119 w\u015br\u00f3d ofiar \u015bmiertelnych.<\/p>\n<p>Do ataku dosz\u0142o oko\u0142o godziny 10 rano. Wed\u0142ug relacji funkcjonariuszy, na terenie szko\u0142y pad\u0142y liczne strza\u0142y, a napastnik mia\u0142 otworzy\u0107 ogie\u0144 w przynajmniej dw\u00f3ch salach lekcyjnych. Pocz\u0105tkowo informowano o jednej ofierze \u015bmiertelnej, jednak wkr\u00f3tce liczba zabitych wzros\u0142a do dziesi\u0119ciu. Jak donosi &#8220;Kronen Zeitung&#8221;, obra\u017cenia odnios\u0142y \u0142\u0105cznie 28 osoby, z czego cztery s\u0105 w stanie krytycznym. W\u015br\u00f3d poszkodowanych znajduj\u0105 si\u0119 zar\u00f3wno uczniowie, jak i nauczyciele.<\/p>\n<p>Sprawc\u0105 ataku mia\u0142 by\u0107 m\u0142ody m\u0119\u017cczyzna, kt\u00f3ry wcze\u015bniej ucz\u0119szcza\u0142 do tej plac\u00f3wki. Po dokonaniu masakry pope\u0142ni\u0142 samob\u00f3jstwo \u2013 jego cia\u0142o znaleziono w szkolnej toalecie. Informacje te potwierdzi\u0142y w\u0142adze miasta oraz policja. Wed\u0142ug s\u0142u\u017cb dzia\u0142a\u0142 sam i posiada\u0142 przy sobie legalnie nabyty pistolet i strzelb\u0119.<\/p>\n<p>Na miejsce zdarzenia szybko skierowano oddzia\u0142y specjalne policji Cobra oraz \u015bmig\u0142owiec. Szko\u0142a zosta\u0142a ewakuowana, a teren dok\u0142adnie przeszukiwany. Policja zapewnia, \u017ce sytuacja zosta\u0142a opanowana.<\/p>\n<p>W akcj\u0119 ratunkow\u0105 zaanga\u017cowano 158 ratownik\u00f3w medycznych, 31 pracownik\u00f3w wsparcia kryzysowego i 65 pojazd\u00f3w ratowniczych \u2013 poinformowa\u0142 Austriacki Czerwony Krzy\u017c.<\/p>\n<p>Kanclerz Austrii Christian Stocker natychmiast uda\u0142 si\u0119 do Grazu w towarzystwie ministra spraw wewn\u0119trznych Gerharda Karnera oraz ministra edukacji Christopha Wiederkehra.<\/p>\n<p>&#8220;To, co wydarzy\u0142o si\u0119 w Grazu, to og\u00f3lnonarodowa tragedia, kt\u00f3ra poruszy\u0142a serca wszystkich Austriak\u00f3w. Trudno wyrazi\u0107 s\u0142owami \u017cal i b\u00f3l, kt\u00f3re teraz prze\u017cywamy&#8221; \u2013 o\u015bwiadczy\u0142 kanclerz.<\/p>\n<p>Burmistrz Wiednia, Michael Ludwig, napisa\u0142: &#8220;G\u0142\u0119bokie wsp\u00f3\u0142czucie kieruj\u0119 do rodzin ofiar oraz wszystkich, kt\u00f3rzy cierpi\u0105 z powodu tej tragedii. Musimy wsp\u00f3lnie przeciwstawi\u0107 si\u0119 przemocy i nienawi\u015bci, stawiaj\u0105c na jedno\u015b\u0107 i wzajemny szacunek&#8221;.<\/p>\n","protected":false},"excerpt":{"rendered":"<p>We wtorek w jednej ze szk\u00f3\u0142 w Grazu dosz\u0142o do tragicznego ataku z u\u017cyciem broni palnej. Jak podaj\u0105 austriackie media, \u017cycie straci\u0142o dziesi\u0119\u0107 os\u00f3b, a&hellip;<\/p>\n","protected":false},"author":3,"featured_media":1854,"comment_status":"open","ping_status":"open","sticky":false,"template":"","format":"standard","meta":{"footnotes":""},"categories":[15,18],"tags":[],"class_list":["post-1853","post","type-post","status-publish","format-standard","has-post-thumbnail","hentry","category-swiat","category-top-news"],"_links":{"self":[{"href":"https:\/\/radiopoloniawinnipeg.com\/index.php\/wp-json\/wp\/v2\/posts\/1853","targetHints":{"allow":["GET"]}}],"collection":[{"href":"https:\/\/radiopoloniawinnipeg.com\/index.php\/wp-json\/wp\/v2\/posts"}],"about":[{"href":"https:\/\/radiopoloniawinnipeg.com\/index.php\/wp-json\/wp\/v2\/types\/post"}],"author":[{"embeddable":true,"href":"https:\/\/radiopoloniawinnipeg.com\/index.php\/wp-json\/wp\/v2\/users\/3"}],"replies":[{"embeddable":true,"href":"https:\/\/radiopoloniawinnipeg.com\/index.php\/wp-json\/wp\/v2\/comments?post=1853"}],"version-history":[{"count":0,"href":"https:\/\/radiopoloniawinnipeg.com\/index.php\/wp-json\/wp\/v2\/posts\/1853\/revisions"}],"wp:featuredmedia":[{"embeddable":true,"href":"https:\/\/radiopoloniawinnipeg.com\/index.php\/wp-json\/wp\/v2\/media\/1854"}],"wp:attachment":[{"href":"https:\/\/radiopoloniawinnipeg.com\/index.php\/wp-json\/wp\/v2\/media?parent=1853"}],"wp:term":[{"taxonomy":"category","embeddable":true,"href":"https:\/\/radiopoloniawinnipeg.com\/index.php\/wp-json\/wp\/v2\/categories?post=1853"},{"taxonomy":"post_tag","embeddable":true,"href":"https:\/\/radiopoloniawinnipeg.com\/index.php\/wp-json\/wp\/v2\/tags?post=1853"}],"curies":[{"name":"wp","href":"https:\/\/api.w.org\/{rel}","templated":true}]}}