{"id":1861,"date":"2025-06-10T14:30:05","date_gmt":"2025-06-10T18:30:05","guid":{"rendered":"https:\/\/radiopoloniawinnipeg.com\/index.php\/2025\/06\/10\/nawrocki-rozmawial-z-trumpem-zaproszony-do-zlozenia-wizyty-w-usa\/"},"modified":"2025-06-10T14:30:05","modified_gmt":"2025-06-10T18:30:05","slug":"nawrocki-rozmawial-z-trumpem-zaproszony-do-zlozenia-wizyty-w-usa","status":"publish","type":"post","link":"https:\/\/radiopoloniawinnipeg.com\/index.php\/2025\/06\/10\/nawrocki-rozmawial-z-trumpem-zaproszony-do-zlozenia-wizyty-w-usa\/","title":{"rendered":"Nawrocki rozmawia\u0142 z Trumpem. Zaproszony do  z\u0142o\u017cenia wizyty w USA"},"content":{"rendered":"<p><img decoding=\"async\" loading=\"lazy\" class=\"aligncenter size-custom-full-size wp-image-214444\" src=\"https:\/\/bejsment.com\/wp-content\/uploads\/2025\/06\/aanawrockitrumprozmowa-636x795.jpg\" alt=\"\" width=\"636\" height=\"795\" \/><\/p>\n<p><strong>Prezydent-elekt Karol Nawrocki odby\u0142 rozmow\u0119 telefoniczn\u0105 z prezydentem USA Donaldem Trumpem. Politycy om\u00f3wili relacje sojusznicze i wymienili zaproszenia do wizyt w obu krajach.<\/strong><\/p>\n<p>\u201eOdby\u0142em bardzo dobr\u0105 rozmow\u0119 telefoniczn\u0105 z Prezydentem Stan\u00f3w Zjednoczonych, Donaldem Trumpem. Rozmawiali\u015bmy o bliskich relacjach sojuszniczych i partnerskich stosunkach politycznych. Zaprosi\u0142em Prezydenta Trumpa do Polski. Otrzyma\u0142em te\u017c zaproszenie do spotkania w Bia\u0142ym Domu. God bless Poland! God bless America!\u201d \u2013 poinformowa\u0142 Nawrocki w serwisie X.<\/p>\n<p>Nowo wybrany prezydent Polski wygra\u0142 wybory 1 czerwca, pokonuj\u0105c kandydata KO Rafa\u0142a Trzaskowskiego.<\/p>\n<p>To ju\u017c drugie spotkanie Nawrockiego z Donaldem Trumpem. Pierwsza rozmowa odby\u0142a si\u0119 na pocz\u0105tku maja w Waszyngtonie, gdy jeszcze jako kandydat na prezydenta Nawrocki spotka\u0142 si\u0119 z ameryka\u0144skim przyw\u00f3dc\u0105 w Gabinecie Owalnym. Jak relacjonowa\u0142 p\u00f3\u017aniej mediom, Trump wyrazi\u0142 poparcie dla jego kampanii s\u0142owami: \u201eYou will win\u201d.<\/p>\n","protected":false},"excerpt":{"rendered":"<p>Prezydent-elekt Karol Nawrocki odby\u0142 rozmow\u0119 telefoniczn\u0105 z prezydentem USA Donaldem Trumpem. Politycy om\u00f3wili relacje sojusznicze i wymienili zaproszenia do wizyt w obu krajach. \u201eOdby\u0142em bardzo&hellip;<\/p>\n","protected":false},"author":3,"featured_media":1862,"comment_status":"open","ping_status":"open","sticky":false,"template":"","format":"standard","meta":{"footnotes":""},"categories":[14,18],"tags":[],"class_list":["post-1861","post","type-post","status-publish","format-standard","has-post-thumbnail","hentry","category-polska","category-top-news"],"_links":{"self":[{"href":"https:\/\/radiopoloniawinnipeg.com\/index.php\/wp-json\/wp\/v2\/posts\/1861","targetHints":{"allow":["GET"]}}],"collection":[{"href":"https:\/\/radiopoloniawinnipeg.com\/index.php\/wp-json\/wp\/v2\/posts"}],"about":[{"href":"https:\/\/radiopoloniawinnipeg.com\/index.php\/wp-json\/wp\/v2\/types\/post"}],"author":[{"embeddable":true,"href":"https:\/\/radiopoloniawinnipeg.com\/index.php\/wp-json\/wp\/v2\/users\/3"}],"replies":[{"embeddable":true,"href":"https:\/\/radiopoloniawinnipeg.com\/index.php\/wp-json\/wp\/v2\/comments?post=1861"}],"version-history":[{"count":0,"href":"https:\/\/radiopoloniawinnipeg.com\/index.php\/wp-json\/wp\/v2\/posts\/1861\/revisions"}],"wp:featuredmedia":[{"embeddable":true,"href":"https:\/\/radiopoloniawinnipeg.com\/index.php\/wp-json\/wp\/v2\/media\/1862"}],"wp:attachment":[{"href":"https:\/\/radiopoloniawinnipeg.com\/index.php\/wp-json\/wp\/v2\/media?parent=1861"}],"wp:term":[{"taxonomy":"category","embeddable":true,"href":"https:\/\/radiopoloniawinnipeg.com\/index.php\/wp-json\/wp\/v2\/categories?post=1861"},{"taxonomy":"post_tag","embeddable":true,"href":"https:\/\/radiopoloniawinnipeg.com\/index.php\/wp-json\/wp\/v2\/tags?post=1861"}],"curies":[{"name":"wp","href":"https:\/\/api.w.org\/{rel}","templated":true}]}}