{"id":1869,"date":"2025-06-10T20:30:06","date_gmt":"2025-06-11T00:30:06","guid":{"rendered":"https:\/\/radiopoloniawinnipeg.com\/index.php\/2025\/06\/10\/ojciec-elona-muska-z-wizyta-w-moskwie-chwali-putina\/"},"modified":"2025-06-10T20:30:06","modified_gmt":"2025-06-11T00:30:06","slug":"ojciec-elona-muska-z-wizyta-w-moskwie-chwali-putina","status":"publish","type":"post","link":"https:\/\/radiopoloniawinnipeg.com\/index.php\/2025\/06\/10\/ojciec-elona-muska-z-wizyta-w-moskwie-chwali-putina\/","title":{"rendered":"Ojciec Elona Muska z wizyt\u0105 w Moskwie. Chwali Putina"},"content":{"rendered":"<p><img decoding=\"async\" loading=\"lazy\" class=\"aligncenter size-custom-full-size wp-image-214422\" src=\"https:\/\/bejsment.com\/wp-content\/uploads\/2025\/06\/aaojciecmuska-636x358.jpg\" alt=\"\" width=\"636\" height=\"358\" \/><\/p>\n<p><strong>Konflikt mi\u0119dzy Elonem Muskiem a Donaldem Trumpem to efekt miesi\u0119cy intensywnego stresu \u2014 stwierdzi\u0142 Errol Musk, ojciec miliardera. Wed\u0142ug niego dawni wsp\u00f3\u0142pracownicy pr\u00f3buj\u0105 teraz \u201epozby\u0107 si\u0119 siebie nawzajem\u201d. Przy okazji Errol Musk pochwali\u0142 W\u0142adimira Putina jako \u201estabilnego i mi\u0142ego cz\u0142owieka\u201d i skrytykowa\u0142 zachodnie media.<\/strong><\/p>\n<p>Podczas konferencji w Moskwie Errol Musk apelowa\u0142 o zako\u0144czenie sporu mi\u0119dzy swoim synem a prezydentem USA. \u2014 To musi si\u0119 sko\u0144czy\u0107. I sko\u0144czy si\u0119 dobrym akcentem \u2014 bardzo szybko \u2014 stwierdzi\u0142.<\/p>\n<p>Ojciec Muska przyzna\u0142, \u017ce staje po stronie Elona, cho\u0107 \u2014 jak zaznaczy\u0142 \u2014 \u201eElon trzyma si\u0119 swoich zasad, ale w prawdziwym \u015bwiecie nie zawsze mo\u017cna si\u0119 ich trzyma\u0107\u201d.<\/p>\n<p>W trakcie konferencji Errol Musk nie szcz\u0119dzi\u0142 pochwa\u0142 pod adresem W\u0142adimira Putina, kt\u00f3rego nazwa\u0142 \u201ebardzo stabilnym i mi\u0142ym cz\u0142owiekiem\u201d. Skrytykowa\u0142 tak\u017ce zachodnie media, zarzucaj\u0105c im, \u017ce publikuj\u0105 \u201ekompletne bzdury\u201d na temat Rosji.<\/p>\n<h3><strong>Trump szykuje kontrol\u0119 kontrakt\u00f3w Muska<\/strong><\/h3>\n<p>Konflikt mi\u0119dzy Trumpem a Elonem Muskiem nasili\u0142 si\u0119 w ostatnich tygodniach. Prezydent USA zapowiedzia\u0142 niedawno, \u017ce administracja przeprowadzi przegl\u0105d kontrakt\u00f3w rz\u0105dowych posiadanych przez firmy miliardera.<\/p>\n<p>\u2014 Przyjrzymy si\u0119 wszystkiemu. To du\u017co pieni\u0119dzy \u2014 powiedzia\u0142 Trump podczas spotkania z dziennikarzami.<\/p>\n<p>Ameryka\u0144ski przyw\u00f3dca doda\u0142, \u017ce jego sp\u00f3r z Muskiem dotycz\u0105cy obni\u017cek podatk\u00f3w pozostaje nierozwi\u0105zany.<\/p>\n<p>\u2014 Na ten moment nie my\u015bl\u0119 o prezesie Tesli \u2014 stwierdzi\u0142.<\/p>\n<p>Napi\u0119cia mi\u0119dzy Trumpem a Muskiem zaostrzy\u0142y si\u0119 po tym, jak w\u0142a\u015bciciel Tesli i platformy X skrytykowa\u0142 na X now\u0105 ustaw\u0119 bud\u017cetow\u0105, argumentuj\u0105c, \u017ce przyczyni si\u0119 ona do dalszego zad\u0142u\u017cania USA.<\/p>\n<p style=\"text-align: right\"><em>Na podst. Polsat News<\/em><\/p>\n","protected":false},"excerpt":{"rendered":"<p>Konflikt mi\u0119dzy Elonem Muskiem a Donaldem Trumpem to efekt miesi\u0119cy intensywnego stresu \u2014 stwierdzi\u0142 Errol Musk, ojciec miliardera. Wed\u0142ug niego dawni wsp\u00f3\u0142pracownicy pr\u00f3buj\u0105 teraz \u201epozby\u0107&hellip;<\/p>\n","protected":false},"author":3,"featured_media":1870,"comment_status":"open","ping_status":"open","sticky":false,"template":"","format":"standard","meta":{"footnotes":""},"categories":[15,18],"tags":[],"class_list":["post-1869","post","type-post","status-publish","format-standard","has-post-thumbnail","hentry","category-swiat","category-top-news"],"_links":{"self":[{"href":"https:\/\/radiopoloniawinnipeg.com\/index.php\/wp-json\/wp\/v2\/posts\/1869","targetHints":{"allow":["GET"]}}],"collection":[{"href":"https:\/\/radiopoloniawinnipeg.com\/index.php\/wp-json\/wp\/v2\/posts"}],"about":[{"href":"https:\/\/radiopoloniawinnipeg.com\/index.php\/wp-json\/wp\/v2\/types\/post"}],"author":[{"embeddable":true,"href":"https:\/\/radiopoloniawinnipeg.com\/index.php\/wp-json\/wp\/v2\/users\/3"}],"replies":[{"embeddable":true,"href":"https:\/\/radiopoloniawinnipeg.com\/index.php\/wp-json\/wp\/v2\/comments?post=1869"}],"version-history":[{"count":0,"href":"https:\/\/radiopoloniawinnipeg.com\/index.php\/wp-json\/wp\/v2\/posts\/1869\/revisions"}],"wp:featuredmedia":[{"embeddable":true,"href":"https:\/\/radiopoloniawinnipeg.com\/index.php\/wp-json\/wp\/v2\/media\/1870"}],"wp:attachment":[{"href":"https:\/\/radiopoloniawinnipeg.com\/index.php\/wp-json\/wp\/v2\/media?parent=1869"}],"wp:term":[{"taxonomy":"category","embeddable":true,"href":"https:\/\/radiopoloniawinnipeg.com\/index.php\/wp-json\/wp\/v2\/categories?post=1869"},{"taxonomy":"post_tag","embeddable":true,"href":"https:\/\/radiopoloniawinnipeg.com\/index.php\/wp-json\/wp\/v2\/tags?post=1869"}],"curies":[{"name":"wp","href":"https:\/\/api.w.org\/{rel}","templated":true}]}}