{"id":1871,"date":"2025-06-11T07:30:06","date_gmt":"2025-06-11T11:30:06","guid":{"rendered":"https:\/\/radiopoloniawinnipeg.com\/index.php\/2025\/06\/11\/wystapienie-premiera-donalda-tuska\/"},"modified":"2025-06-11T07:30:06","modified_gmt":"2025-06-11T11:30:06","slug":"wystapienie-premiera-donalda-tuska","status":"publish","type":"post","link":"https:\/\/radiopoloniawinnipeg.com\/index.php\/2025\/06\/11\/wystapienie-premiera-donalda-tuska\/","title":{"rendered":"Wyst\u0105pienie premiera Donalda Tuska"},"content":{"rendered":"<div id=\"attachment_214471\" style=\"width: 646px\" class=\"wp-caption aligncenter\"><img decoding=\"async\" loading=\"lazy\" aria-describedby=\"caption-attachment-214471\" class=\"size-custom-full-size wp-image-214471\" src=\"https:\/\/bejsment.com\/wp-content\/uploads\/2025\/06\/aaexpose2-636x356.jpg\" alt=\"\" width=\"636\" height=\"356\" \/><\/p>\n<p id=\"caption-attachment-214471\" class=\"wp-caption-text\">Premier Donald Tusk podczas wyst\u0105pienia w Sejmie przy pustych \u0142awach PiS.<\/p>\n<\/div>\n<p><strong>&#8211; Zwracam si\u0119 po wotum zaufania, bo mam wiar\u0119 i pewno\u015b\u0107, \u017ce mamy mandat do rz\u0105dzenia, do pe\u0142nej odpowiedzialno\u015bci za to, co w Polsce si\u0119 dzieje &#8211; powiedzia\u0142 premier Donald Tusk w expose. Zaznaczy\u0142 jednak, \u017ce wyzwania s\u0105 wi\u0119ksze, ni\u017c oczekiwali. &#8211; Ale nie znam takiego s\u0142owa jak kapitulacja &#8211; doda\u0142 premier. Po wyst\u0105pieniu zaplanowano dyskusj\u0119. Potem Sejm zag\u0142osuje nad wotum zaufania dla rz\u0105du. <\/strong><\/p>\n<p>Premier Donald Tusk wyg\u0142osi\u0142 w Sejmie w \u015brod\u0119 po godzinie 9 swoje expose. By\u0142a to cz\u0119\u015b\u0107 wniosku, w kt\u00f3rym polityk zwr\u00f3ci\u0142 si\u0119 o wotum zaufania dla rz\u0105du.<\/p>\n<p>&#8211; To nie jest dzie\u0144, w kt\u00f3rym ktokolwiek czeka\u0142by na d\u0142ugie kwieciste przem\u00f3wienia, to dzie\u0144, w kt\u00f3rym w zwi\u0105zku z sytuacj\u0105 polityczn\u0105 po wyborach prezydenckich potrzebna jest klarowna informacja, na czym stoimy &#8211; zacz\u0105\u0142 wyst\u0105pienie Tusk.<\/p>\n<p>Jak wskaza\u0142, w zwi\u0105zku z wyborami prezydenckimi wyzwania s\u0105 \u201ewi\u0119ksze, ni\u017c oczekiwali\u015bmy&#8221;. &#8211; Nie ma trz\u0119sienia ziemi, ale nazwijmy rzecz po imieniu: czeka nas 2,5 roku bardzo ci\u0119\u017ckiej, powa\u017cnej pracy w warunkach, kt\u00f3re nie zmieni\u0105 si\u0119 na lepsze &#8211; powiedzia\u0142 premier.<\/p>\n<p>&#8211; Zwracam si\u0119 po wotum zaufania, bo mam przekonanie, wiar\u0119 i pewno\u015b\u0107, \u017ce mamy mandat do rz\u0105dzenia, do brania na siebie pe\u0142nej odpowiedzialno\u015bci za to, co w Polsce si\u0119 dzieje &#8211; przekaza\u0142 Tusk.<\/p>\n<h3><strong>\u201eNie znam takiego s\u0142owa jak kapitulacja&#8221;<\/strong><\/h3>\n<p>Podczas wyst\u0105pienia premier stwierdzi\u0142, \u017ce wszyscy politycy na sali plenarnej znaj\u0105 \u201ei smak zwyci\u0119stwa i gorycz pora\u017cki&#8221;. Jak podkre\u015bla\u0142, sam r\u00f3wnie\u017c je zna. &#8211; Ale nie znam takiego s\u0142owa jak kapitulacja &#8211; doda\u0142 szef rz\u0105du.<\/p>\n<p>Tusk oceni\u0142, \u017ce mandat jego rz\u0105du zosta\u0142 odnowiony podczas drugiej tury wybor\u00f3w prezydenckich. &#8211; Uzyskali\u015bmy ponad 10 milion\u00f3w g\u0142os\u00f3w w przegranych wyborach prezydenckich &#8211; doda\u0142.<\/p>\n<p>&#8211; Niezale\u017cnie od emocji i z\u0142ych informacji, je\u015bli chodzi o przebieg wybor\u00f3w i mo\u017cliwe nadu\u017cycia czy fa\u0142sze w czasie g\u0142osowania i liczenia g\u0142os\u00f3w, my na pewno uszanujemy wynik wybor\u00f3w &#8211; powiedzia\u0142 premier.<\/p>\n<p>&#8211; Ale szanujemy przede wszystkim te\u017c konstytucj\u0119 i zasady ustroju, wi\u0119c respektuj\u0105c wynik wybor\u00f3w, chocia\u017c ca\u0142y czas b\u0119d\u0119 apelowa\u0142 do wszystkich instytucji odpowiedzialnych za kontrol\u0119, przebieg i uznanie legalno\u015bci wybor\u00f3w, aby bardzo rzetelnie, w zwi\u0105zku z tym, \u017ce to 10 milion\u00f3w ludzi tego oczekuje z ca\u0142\u0105 pewno\u015bci\u0105, aby bardzo rzetelnie oceni\u0107 wszystkie sygna\u0142y o nieprawid\u0142owo\u015bciach czy ryzykach fa\u0142szu &#8211; zaznaczy\u0142.<\/p>\n<p>Zwracaj\u0105c si\u0119 do pos\u0142\u00f3w opozycji, premier powiedzia\u0142, \u017ce nie rozumie dlaczego si\u0119 \u015bmiej\u0105, kiedy m\u00f3wi\u0142 o nieprawid\u0142owo\u015bciach. &#8211; \u015amiejecie si\u0119 z tych 10 milion\u00f3w ludzi (&#8230;), a w\u0142a\u015bciwie ze wszystkich wyborc\u00f3w si\u0119 \u015bmiejecie, bo wszyscy wyborcy maj\u0105 \u015bwi\u0119te prawo wiedzie\u0107, \u017ce ka\u017cdy g\u0142os ka\u017cdej Polki, ka\u017cdego Polaka bez wyj\u0105tku ma tak\u0105 sam\u0105 uwag\u0119 i wymaga szacunku od wszystkich organ\u00f3w w\u0142adzy &#8211; powiedzia\u0142.<\/p>\n<h3><strong>Rz\u0105d przyjmie do Polski mniej migrant\u00f3w<\/strong><\/h3>\n<p>Tusk zadeklarowa\u0142 podczas swojego expose, \u017ce jego rz\u0105d przyjmie do Polski mniej migrant\u00f3w ni\u017c rok temu.<\/p>\n<p>&#8211; W 2025 roku wydamy o 50 proc. mniej wiz dla tych, kt\u00f3rzy szukaj\u0105 miejsca w Polsce, czy w Europie, z pa\u0144stw Afryki i Azji &#8211; powiedzia\u0142. &#8211; Dlaczego m\u00f3wi\u0119 o tym z tak\u0105 satysfakcj\u0105? Dlatego, bo m\u00f3wimy o setkach tysi\u0119cy wydanych wiz, w mechanizmie korupcyjnym, (o tym) co dzia\u0142o si\u0119 przez ostatnie lata rz\u0105du w PiS-u &#8211; zaznaczy\u0142 Tusk.<\/p>\n<p>Premier podkre\u015bli\u0142 te\u017c, \u017ce jego rz\u0105d w 2024 roku, wyda\u0142 o 67 proc. wi\u0119cej na obronno\u015b\u0107 ni\u017c rz\u0105d PiSu rok wcze\u015bniej. &#8211; Jak my\u015blicie, o ile wzros\u0142y wydatki, czyli realnie wydane pieni\u0105dze na obron\u0119 polskiego terytorium? &#8211; zapyta\u0142 premier. &#8211; Jak my\u015blicie? 6 proc. ? A mo\u017ce my\u015blicie, \u017ce 16 proc. ? Nie, wydali\u015bmy w ci\u0105gu jednego roku wi\u0119cej na polsk\u0105 armi\u0119 o 67 proc. &#8211; podkre\u015bli\u0142.<\/p>\n<p>Tusk jednocze\u015bnie zadeklarowa\u0142, \u017ce jeszcze w czerwcu powo\u0142any zostanie rzecznik prasowy rz\u0105du. &#8211; A w lipcu nast\u0105pi reorganizacja rz\u0105du &#8211; doda\u0142.<\/p>\n<p>Na sali sejmowej w trakcie wyg\u0142aszania expose przez premiera\u00a0nieobecni byli pos\u0142owie PiS, z wyj\u0105tkiem kilku przedstawicieli klubu, w zwi\u0105zku z organizowan\u0105 przez nich konferencj\u0105 prasow\u0105.<\/p>\n<h3><strong>Sejm zdecyduje o przysz\u0142o\u015bci rz\u0105du\u00a0<\/strong><\/h3>\n<p>Po wyst\u0105pieniu premiera Donalda Tuska w Sejmie odb\u0119dzie si\u0119 g\u0142osowanie nad wotum zaufania dla rz\u0105du.\u00a0Z\u0142o\u017cenie tego wniosku Tusk zapowiedzia\u0142 w telewizyjnym or\u0119dziu dzie\u0144 po II turze wybor\u00f3w prezydenckich, kt\u00f3re wygra\u0142 popierany przez PiS Karol Nawrocki, uzyskuj\u0105c nieca\u0142e 370 tys. g\u0142os\u00f3w wi\u0119cej ni\u017c kandydat KO Rafa\u0142 Trzaskowski. Po taki instrument premier si\u0119ga\u0142 ju\u017c za czas\u00f3w poprzedniego rz\u0105du &#8211; najpierw w pa\u017adzierniku 2012 r., a potem w czerwcu 2014 r.<\/p>\n<p>Premier mo\u017ce zwr\u00f3ci\u0107 si\u0119 do Sejmu o wyra\u017cenie Radzie Ministr\u00f3w wotum zaufania w dowolnym momencie swojego urz\u0119dowania. Do tego, by go udzieli\u0107, potrzebna jest zwyk\u0142a wi\u0119kszo\u015b\u0107 g\u0142os\u00f3w w obecno\u015bci co najmniej po\u0142owy ustawowej liczby pos\u0142\u00f3w. Brak poparcia Sejmu dla wniosku o udzielenie wotum zaufania zobowi\u0105zuje premiera do z\u0142o\u017cenia dymisji na r\u0119ce prezydenta.<\/p>\n<p>W Sejmie zasiada 460 pos\u0142\u00f3w, a zatem w g\u0142osowaniu musi wzi\u0105\u0107 udzia\u0142 co najmniej 230 pos\u0142\u00f3w. Zgodnie z zapowiedziami wotum zaufania rz\u0105dowi nie udzieli m.in. licz\u0105cy 189 pos\u0142\u00f3w klub PiS, licz\u0105cy 16 pos\u0142\u00f3w klub Konfederacji oraz pi\u0119cioosobowe ko\u0142o Razem.<\/p>\n<p>Koalicja rz\u0105dowa ma jednak w sumie 242 pos\u0142\u00f3w, w tym klub KO &#8211; 157 pos\u0142\u00f3w, kluby Polski 2050-TD i PSL-TD &#8211; po 32 pos\u0142\u00f3w, a klub Lewicy &#8211; 21. Przewaga g\u0142os\u00f3w postrzegana jest jako na tyle bezpieczna, \u017ce wi\u0119kszo\u015b\u0107 parlamentarzyst\u00f3w traktuje g\u0142osowanie jako formalno\u015b\u0107. Jednocze\u015bnie z\u0142o\u017cony przez premiera wniosek sta\u0142 si\u0119 okazj\u0105 do wyra\u017cenia swoich w\u0105tpliwo\u015bci dla tych, kt\u00f3rych nie przekonuj\u0105 dotychczasowe dokonania rz\u0105du.<\/p>\n<p style=\"text-align: right\"><em>Na podst. Polsat News<\/em><\/p>\n","protected":false},"excerpt":{"rendered":"<p>Premier Donald Tusk podczas wyst\u0105pienia w Sejmie przy pustych \u0142awach PiS. &#8211; Zwracam si\u0119 po wotum zaufania, bo mam wiar\u0119 i pewno\u015b\u0107, \u017ce mamy mandat&hellip;<\/p>\n","protected":false},"author":3,"featured_media":1872,"comment_status":"open","ping_status":"open","sticky":false,"template":"","format":"standard","meta":{"footnotes":""},"categories":[14,18],"tags":[],"class_list":["post-1871","post","type-post","status-publish","format-standard","has-post-thumbnail","hentry","category-polska","category-top-news"],"_links":{"self":[{"href":"https:\/\/radiopoloniawinnipeg.com\/index.php\/wp-json\/wp\/v2\/posts\/1871","targetHints":{"allow":["GET"]}}],"collection":[{"href":"https:\/\/radiopoloniawinnipeg.com\/index.php\/wp-json\/wp\/v2\/posts"}],"about":[{"href":"https:\/\/radiopoloniawinnipeg.com\/index.php\/wp-json\/wp\/v2\/types\/post"}],"author":[{"embeddable":true,"href":"https:\/\/radiopoloniawinnipeg.com\/index.php\/wp-json\/wp\/v2\/users\/3"}],"replies":[{"embeddable":true,"href":"https:\/\/radiopoloniawinnipeg.com\/index.php\/wp-json\/wp\/v2\/comments?post=1871"}],"version-history":[{"count":0,"href":"https:\/\/radiopoloniawinnipeg.com\/index.php\/wp-json\/wp\/v2\/posts\/1871\/revisions"}],"wp:featuredmedia":[{"embeddable":true,"href":"https:\/\/radiopoloniawinnipeg.com\/index.php\/wp-json\/wp\/v2\/media\/1872"}],"wp:attachment":[{"href":"https:\/\/radiopoloniawinnipeg.com\/index.php\/wp-json\/wp\/v2\/media?parent=1871"}],"wp:term":[{"taxonomy":"category","embeddable":true,"href":"https:\/\/radiopoloniawinnipeg.com\/index.php\/wp-json\/wp\/v2\/categories?post=1871"},{"taxonomy":"post_tag","embeddable":true,"href":"https:\/\/radiopoloniawinnipeg.com\/index.php\/wp-json\/wp\/v2\/tags?post=1871"}],"curies":[{"name":"wp","href":"https:\/\/api.w.org\/{rel}","templated":true}]}}