{"id":1873,"date":"2025-06-11T08:15:06","date_gmt":"2025-06-11T12:15:06","guid":{"rendered":"https:\/\/radiopoloniawinnipeg.com\/index.php\/2025\/06\/11\/lot-polaka-w-kosmos-przelozony\/"},"modified":"2025-06-11T08:15:06","modified_gmt":"2025-06-11T12:15:06","slug":"lot-polaka-w-kosmos-przelozony","status":"publish","type":"post","link":"https:\/\/radiopoloniawinnipeg.com\/index.php\/2025\/06\/11\/lot-polaka-w-kosmos-przelozony\/","title":{"rendered":"Lot Polaka w kosmos prze\u0142o\u017cony"},"content":{"rendered":"<p><img decoding=\"async\" loading=\"lazy\" class=\"aligncenter size-custom-full-size wp-image-214477\" src=\"https:\/\/bejsment.com\/wp-content\/uploads\/2025\/06\/aaastronauci-636x358.jpg\" alt=\"\" width=\"636\" height=\"358\" \/><\/p>\n<p><strong>S\u0142awosz Uzna\u0144ski-Wi\u015bniewski nie polecia\u0142 w kosmos, a start rakiety Falcon 9 zosta\u0142 przeniesiony na bli\u017cej nieokre\u015blony termin. Powodem tego zamieszania jest usterka techniczna i wyciek tlenu. Nowa data startu zostanie ustalona po zako\u0144czeniu niezb\u0119dnych napraw. <\/strong><\/p>\n<p>Planowany na \u015brod\u0119 start misji Axiom-4, kt\u00f3ra zabierze polskiego astronaut\u0119 S\u0142awosza Uzna\u0144skiego-Wi\u015bniewskiego na Mi\u0119dzynarodow\u0105 Stacj\u0119 Kosmiczn\u0105, zosta\u0142 odwo\u0142any &#8211; poinformowa\u0142 koncern SpaceX.<\/p>\n<p>Powodem by\u0142 wykryty wyciek p\u0142ynnego tlenu (LOx) z pierwszego stopnia rakiety Falcon 9. Nowy termin zostanie podany po naprawie.<\/p>\n<p>\u201eRezygnujemy z jutrzejszego startu Falcon 9 misji Ax-4 na Mi\u0119dzynarodow\u0105 Stacj\u0119 Kosmiczn\u0105, by da\u0107 dodatkowy czas dla zespo\u0142\u00f3w SpaceX, by naprawi\u0142y wyciek LOx zidentyfikowany podczas inspekcji po pr\u00f3bie statycznej boostera&#8221; &#8211; napisa\u0142a firma w komunikacie na platformie X. Zapowiedzia\u0142a, \u017ce nowy termin startu zostanie podany po wykonaniu koniecznych napraw.<\/p>\n<p>Start misji z Kennedy Space Center na Florydzie zosta\u0142 tym samym prze\u0142o\u017cony po raz czwarty; rakieta mia\u0142a wznie\u015b\u0107 si\u0119 w powietrze w \u015brod\u0119 o 14 czasu polskiego, a pierwotn\u0105 dat\u0105 mia\u0142 by\u0107 29 maja.<\/p>\n<p>O wycieku ciek\u0142ego tlenu &#8211; s\u0142u\u017c\u0105cego do utleniania paliwa rakietowego &#8211; z pierwszego stopnia Falcona 9 wiceprezes SpaceX William Gerstenmaier informowa\u0142 ju\u017c w poniedzia\u0142ek podczas konferencji prasowej. W\u00f3wczas zapewnia\u0142 jednak, \u017ce pracownicy firmy szybko uporaj\u0105 si\u0119 z napraw\u0105. Jak m\u00f3wi\u0142a we wtorek kierowniczka polskiej misji IGNIS dr Aleksandra Buka\u0142a, SpaceX przekazywa\u0142, \u017ce problemy techniczne zosta\u0142y rozwi\u0105zane. Nie jest dot\u0105d jasne, z czego wynika dodatkowe op\u00f3\u017anienie. Dla boostera Falcona &#8211; cz\u0119\u015bci rakiety, kt\u00f3ra mo\u017ce by\u0107 wielokrotnie u\u017cywana &#8211; ma by\u0107 to drugi lot.<\/p>\n<p>Wcze\u015bniejsze op\u00f3\u017anienia lotu by\u0142y powodowane pogod\u0105 i zbyt wysok\u0105 si\u0142\u0105 wiatr\u00f3w w g\u00f3rnych cz\u0119\u015bciach atmosfery w korytarzu lotu rakiety. Prognozy te poprawia\u0142y si\u0119, a we wtorek raport s\u0142u\u017cb pogodowych Si\u0142 Kosmicznych USA m\u00f3wi\u0142 o 15-proc. ryzyku zaistnienia warunk\u00f3w zagra\u017caj\u0105cych startowi. Ten sam raport na czwartek m\u00f3wi o 25-proc. ryzyku, g\u0142\u00f3wnie ze wzgl\u0119du na opady deszczu i zachmurzenie. Podobne warunki maj\u0105 obowi\u0105zywa\u0107 w pi\u0105tek.<\/p>\n<h3><strong>Polak w za\u0142odze lotu w kosmos<\/strong><\/h3>\n<p>Jak m\u00f3wi\u0142a Buka\u0142a, misja ma obecnie wszelkie zgody na start do 15 czerwca, lecz wed\u0142ug zapowiedzi przedstawicieli NASA z poniedzia\u0142ku, w praktyce okno startu obowi\u0105zuje do ko\u0144ca miesi\u0105ca.<\/p>\n<p>Za\u0142og\u0119 misji Ax-4 tworz\u0105: Peggy Whitson (USA) &#8211; dow\u00f3dczyni, S\u0142awosz Uzna\u0144ski-Wi\u015bniewski (Polska\/ESA) &#8211; specjalista, Shubhanshu Shukla (Indie) &#8211; pilot oraz Tibor Kapu (W\u0119gry) &#8211; specjalista.<\/p>\n<p>To czwarta komercyjna za\u0142ogowa wyprawa realizowana przez ameryka\u0144sk\u0105 firm\u0119 Axiom Space. Udzia\u0142 w niej Polaka to rezultat umowy podpisanej mi\u0119dzy Ministerstwem Rozwoju i Technologii a Europejsk\u0105 Agencj\u0105 Kosmiczn\u0105 na przygotowanie i przeprowadzenie polskiej misji technologiczno-naukowej IGNIS na ISS. W przygotowaniach bierze udzia\u0142 tak\u017ce Polska Agencja Kosmiczna (POLSA), a na ISS zabrane zostanie 13 eksperyment\u00f3w i technologii polskich naukowc\u00f3w i firm.<\/p>\n<p style=\"text-align: right\"><em>Na podst. Polsat News<\/em><\/p>\n","protected":false},"excerpt":{"rendered":"<p>S\u0142awosz Uzna\u0144ski-Wi\u015bniewski nie polecia\u0142 w kosmos, a start rakiety Falcon 9 zosta\u0142 przeniesiony na bli\u017cej nieokre\u015blony termin. Powodem tego zamieszania jest usterka techniczna i wyciek&hellip;<\/p>\n","protected":false},"author":3,"featured_media":1874,"comment_status":"open","ping_status":"open","sticky":false,"template":"","format":"standard","meta":{"footnotes":""},"categories":[15,18],"tags":[],"class_list":["post-1873","post","type-post","status-publish","format-standard","has-post-thumbnail","hentry","category-swiat","category-top-news"],"_links":{"self":[{"href":"https:\/\/radiopoloniawinnipeg.com\/index.php\/wp-json\/wp\/v2\/posts\/1873","targetHints":{"allow":["GET"]}}],"collection":[{"href":"https:\/\/radiopoloniawinnipeg.com\/index.php\/wp-json\/wp\/v2\/posts"}],"about":[{"href":"https:\/\/radiopoloniawinnipeg.com\/index.php\/wp-json\/wp\/v2\/types\/post"}],"author":[{"embeddable":true,"href":"https:\/\/radiopoloniawinnipeg.com\/index.php\/wp-json\/wp\/v2\/users\/3"}],"replies":[{"embeddable":true,"href":"https:\/\/radiopoloniawinnipeg.com\/index.php\/wp-json\/wp\/v2\/comments?post=1873"}],"version-history":[{"count":0,"href":"https:\/\/radiopoloniawinnipeg.com\/index.php\/wp-json\/wp\/v2\/posts\/1873\/revisions"}],"wp:featuredmedia":[{"embeddable":true,"href":"https:\/\/radiopoloniawinnipeg.com\/index.php\/wp-json\/wp\/v2\/media\/1874"}],"wp:attachment":[{"href":"https:\/\/radiopoloniawinnipeg.com\/index.php\/wp-json\/wp\/v2\/media?parent=1873"}],"wp:term":[{"taxonomy":"category","embeddable":true,"href":"https:\/\/radiopoloniawinnipeg.com\/index.php\/wp-json\/wp\/v2\/categories?post=1873"},{"taxonomy":"post_tag","embeddable":true,"href":"https:\/\/radiopoloniawinnipeg.com\/index.php\/wp-json\/wp\/v2\/tags?post=1873"}],"curies":[{"name":"wp","href":"https:\/\/api.w.org\/{rel}","templated":true}]}}