{"id":1875,"date":"2025-06-11T10:15:05","date_gmt":"2025-06-11T14:15:05","guid":{"rendered":"https:\/\/radiopoloniawinnipeg.com\/index.php\/2025\/06\/11\/fala-komentarzy-po-expose-premiera\/"},"modified":"2025-06-11T10:15:05","modified_gmt":"2025-06-11T14:15:05","slug":"fala-komentarzy-po-expose-premiera","status":"publish","type":"post","link":"https:\/\/radiopoloniawinnipeg.com\/index.php\/2025\/06\/11\/fala-komentarzy-po-expose-premiera\/","title":{"rendered":"Fala komentarzy po expose premiera"},"content":{"rendered":"<p><img decoding=\"async\" loading=\"lazy\" class=\"aligncenter size-custom-full-size wp-image-214514\" src=\"https:\/\/bejsment.com\/wp-content\/uploads\/2025\/06\/aasejm-636x425.jpg\" alt=\"\" width=\"636\" height=\"425\" \/><\/p>\n<p><strong>Premier Donald Tusk wyg\u0142osi\u0142 we wtorek expos\u00e9 przed g\u0142osowaniem nad wotum zaufania dla swojego rz\u0105du. Znaczn\u0105 cz\u0119\u015b\u0107 wyst\u0105pienia po\u015bwi\u0119ci\u0142 krytyce opozycji.<\/strong><\/p>\n<p>Tusk zapowiedzia\u0142, \u017ce w lipcu nast\u0105pi rekonstrukcja rz\u0105du. Jeszcze w czerwcu powo\u0142any ma zosta\u0107 nowy rzecznik prasowy gabinetu.<\/p>\n<p>Premier potwierdzi\u0142 r\u00f3wnie\u017c, \u017ce rz\u0105d powr\u00f3ci do projekt\u00f3w maj\u0105cych na celu odbudow\u0119 praworz\u0105dno\u015bci w Polsce. \u2014 Jednym z test\u00f3w b\u0119dzie projekt oddzielenia funkcji prokuratora generalnego od politycznego ministra sprawiedliwo\u015bci \u2014 zapowiedzia\u0142.<\/p>\n<p>Po wyst\u0105pieniu szefa rz\u0105du media spo\u0142eczno\u015bciowe zala\u0142a fala komentarzy, w wi\u0119kszo\u015bci krytycznych wobec premiera. \u2014 Tusk nie mo\u017ce si\u0119 powstrzyma\u0107 przed k\u0142amstwami \u2014 pisa\u0142 jeden z u\u017cytkownik\u00f3w.<\/p>\n<p>\u201eTusk swoim wyst\u0105pieniem po\u00a0raz kolejny udowodni\u0142, \u017ce\u00a0jedynym rozwi\u0105zaniem jest #TuskDoDymisji&#8221; \u2013\u00a0napisa\u0142 na\u00a0portalu X pose\u0142 PiS Jan Kanthak.<\/p>\n<blockquote class=\"twitter-tweet\" data-width=\"550\" data-dnt=\"true\">\n<p lang=\"pl\" dir=\"ltr\">Tusk swoim wyst\u0105pieniem po raz kolejny udowodni\u0142, \u017ce jedynym rozwi\u0105zaniem jest <a href=\"https:\/\/twitter.com\/hashtag\/TuskDoDymisji?src=hash&amp;ref_src=twsrc%5Etfw\">#TuskDoDymisji<\/a>.<\/p>\n<p>&mdash; Jan Kanthak <\/p>\n","protected":false},"excerpt":{"rendered":"<p>Premier Donald Tusk wyg\u0142osi\u0142 we wtorek expos\u00e9 przed g\u0142osowaniem nad wotum zaufania dla swojego rz\u0105du. Znaczn\u0105 cz\u0119\u015b\u0107 wyst\u0105pienia po\u015bwi\u0119ci\u0142 krytyce opozycji. Tusk zapowiedzia\u0142, \u017ce w&hellip;<\/p>\n","protected":false},"author":3,"featured_media":1876,"comment_status":"open","ping_status":"open","sticky":false,"template":"","format":"standard","meta":{"footnotes":""},"categories":[14,18],"tags":[],"class_list":["post-1875","post","type-post","status-publish","format-standard","has-post-thumbnail","hentry","category-polska","category-top-news"],"_links":{"self":[{"href":"https:\/\/radiopoloniawinnipeg.com\/index.php\/wp-json\/wp\/v2\/posts\/1875","targetHints":{"allow":["GET"]}}],"collection":[{"href":"https:\/\/radiopoloniawinnipeg.com\/index.php\/wp-json\/wp\/v2\/posts"}],"about":[{"href":"https:\/\/radiopoloniawinnipeg.com\/index.php\/wp-json\/wp\/v2\/types\/post"}],"author":[{"embeddable":true,"href":"https:\/\/radiopoloniawinnipeg.com\/index.php\/wp-json\/wp\/v2\/users\/3"}],"replies":[{"embeddable":true,"href":"https:\/\/radiopoloniawinnipeg.com\/index.php\/wp-json\/wp\/v2\/comments?post=1875"}],"version-history":[{"count":0,"href":"https:\/\/radiopoloniawinnipeg.com\/index.php\/wp-json\/wp\/v2\/posts\/1875\/revisions"}],"wp:featuredmedia":[{"embeddable":true,"href":"https:\/\/radiopoloniawinnipeg.com\/index.php\/wp-json\/wp\/v2\/media\/1876"}],"wp:attachment":[{"href":"https:\/\/radiopoloniawinnipeg.com\/index.php\/wp-json\/wp\/v2\/media?parent=1875"}],"wp:term":[{"taxonomy":"category","embeddable":true,"href":"https:\/\/radiopoloniawinnipeg.com\/index.php\/wp-json\/wp\/v2\/categories?post=1875"},{"taxonomy":"post_tag","embeddable":true,"href":"https:\/\/radiopoloniawinnipeg.com\/index.php\/wp-json\/wp\/v2\/tags?post=1875"}],"curies":[{"name":"wp","href":"https:\/\/api.w.org\/{rel}","templated":true}]}}