{"id":1879,"date":"2025-06-11T14:30:05","date_gmt":"2025-06-11T18:30:05","guid":{"rendered":"https:\/\/radiopoloniawinnipeg.com\/index.php\/2025\/06\/11\/nowa-twarz-w-kancelarii-nawrockiego\/"},"modified":"2025-06-11T14:30:05","modified_gmt":"2025-06-11T18:30:05","slug":"nowa-twarz-w-kancelarii-nawrockiego","status":"publish","type":"post","link":"https:\/\/radiopoloniawinnipeg.com\/index.php\/2025\/06\/11\/nowa-twarz-w-kancelarii-nawrockiego\/","title":{"rendered":"Nowa twarz w kancelarii Nawrockiego"},"content":{"rendered":"<p><img decoding=\"async\" loading=\"lazy\" class=\"aligncenter size-custom-full-size wp-image-214393\" src=\"https:\/\/bejsment.com\/wp-content\/uploads\/2025\/06\/aaczarneknawrocki-636x409.jpg\" alt=\"\" width=\"636\" height=\"409\" \/><\/p>\n<p><strong>Przemys\u0142aw Czarnek ma zosta\u0107 jednym ze wsp\u00f3\u0142pracownik\u00f3w przysz\u0142ej kancelarii prezydenta elekta Karola Nawrockiego \u2014 poda\u0142y nieoficjalnie media. Wed\u0142ug ustale\u0144 Interii, by\u0142y minister edukacji znalaz\u0142 si\u0119 wcze\u015bniej na specjalnej li\u015bcie os\u00f3b potencjalnych wsp\u00f3\u0142pracownik\u00f3w, o kt\u00f3rej mia\u0142 wiedzie\u0107 prezes PiS Jaros\u0142aw Kaczy\u0144ski.<\/strong><\/p>\n<p>Jak poinformowa\u0142 Newsweek, Czarnek przyj\u0105\u0142 ju\u017c propozycj\u0119 pracy u boku Nawrockiego. Z kolei dziennikarka Interii Kamila Baranowska ustali\u0142a, \u017ce nazwisko polityka pojawi\u0142o si\u0119 na li\u015bcie zaprezentowanej podczas spotkania z kluczowymi osobami z otoczenia PiS.<\/p>\n<p>Wed\u0142ug Interii Karol Nawrocki przygotowa\u0142 dokument z co najmniej 10 nazwiskami os\u00f3b rozwa\u017canych do pracy w nowej kancelarii. W sprawie tej listy prezydent elekt mia\u0142 prowadzi\u0107 rozmowy z Jaros\u0142awem Kaczy\u0144skim.<\/p>\n<p>W\u015br\u00f3d kandydat\u00f3w, opr\u00f3cz Przemys\u0142awa Czarnka, znale\u017ali si\u0119 tak\u017ce m.in.: Pawe\u0142 Szefernaker, Marcin Hora\u0142a, Andrzej \u015aliwka, Mateusz Kurzajewski oraz Dawid Dziama \u2014 wielu z nich to politycy ze sztabu wyborczego Nawrockiego.<\/p>\n<p>Oficjalnie prezydent elekt potwierdzi\u0142 dot\u0105d trzy nazwiska. Szefem gabinetu ma zosta\u0107 Pawe\u0142 Szefernaker, jego zast\u0119pc\u0105 \u2014 Jaros\u0142aw D\u0119bowski, zwi\u0105zany z Instytutem Pami\u0119ci Narodowej. Funkcj\u0119 rzecznika prasowego obejmie natomiast Rafa\u0142 Le\u015bkiewicz, kt\u00f3ry pe\u0142ni\u0142 analogiczne stanowisko w IPN.<\/p>\n<h3><strong>W tle kontrowersje wok\u00f3\u0142 wybor\u00f3w<\/strong><\/h3>\n<p>W poniedzia\u0142ek prezydent Andrzej Duda odni\u00f3s\u0142 si\u0119 w mediach spo\u0142eczno\u015bciowych do wyniku wybor\u00f3w prezydenckich.<\/p>\n<p>\u201eUwaga! Jest wra\u017cenie, \u017ce postkomuni\u015bci do sp\u00f3\u0142ki z liberalno-lewicowymi chc\u0105 przekr\u0119ci\u0107 ostatnie, rozstrzygni\u0119te ju\u017c wybory prezydenckie w Polsce i odebra\u0107 nam wolno\u015b\u0107 wyboru\u201d \u2014 napisa\u0142 w serwisie X. Doda\u0142 apel: \u201eNie dajmy si\u0119, my wyborcy! Nie dajmy sobie odebra\u0107 tych resztek demokracji i wolno\u015bci, kt\u00f3re po 13 grudnia 2023 roku wci\u0105\u017c jeszcze zosta\u0142y! Pilnujmy Polski!\u201d<\/p>\n<p>Tymczasem sztab Rafa\u0142a Trzaskowskiego zapowiada dzia\u0142ania wyja\u015bniaj\u0105ce w zwi\u0105zku z mo\u017cliwymi nieprawid\u0142owo\u015bciami w czasie wybor\u00f3w. Szefowa sztabu Wioletta Paprocka poinformowa\u0142a, \u017ce zwr\u00f3ci si\u0119 w tej sprawie do Pa\u0144stwowej Komisji Wyborczej.<\/p>\n<p>\u201eJe\u015bli widzicie nieprawid\u0142owo\u015bci \u2014 zg\u0142aszajcie je na stronie protestwyborczy2025.pl. A my zwr\u00f3cimy si\u0119 do PKW, aby ka\u017cdy z tych przypadk\u00f3w wyja\u015bni\u0142a\u201d \u2014 napisa\u0142a na platformie X.<\/p>\n<p style=\"text-align: right\"><em>Na podst. Polsat News<\/em><\/p>\n","protected":false},"excerpt":{"rendered":"<p>Przemys\u0142aw Czarnek ma zosta\u0107 jednym ze wsp\u00f3\u0142pracownik\u00f3w przysz\u0142ej kancelarii prezydenta elekta Karola Nawrockiego \u2014 poda\u0142y nieoficjalnie media. Wed\u0142ug ustale\u0144 Interii, by\u0142y minister edukacji znalaz\u0142 si\u0119&hellip;<\/p>\n","protected":false},"author":3,"featured_media":1880,"comment_status":"open","ping_status":"open","sticky":false,"template":"","format":"standard","meta":{"footnotes":""},"categories":[14,18],"tags":[],"class_list":["post-1879","post","type-post","status-publish","format-standard","has-post-thumbnail","hentry","category-polska","category-top-news"],"_links":{"self":[{"href":"https:\/\/radiopoloniawinnipeg.com\/index.php\/wp-json\/wp\/v2\/posts\/1879","targetHints":{"allow":["GET"]}}],"collection":[{"href":"https:\/\/radiopoloniawinnipeg.com\/index.php\/wp-json\/wp\/v2\/posts"}],"about":[{"href":"https:\/\/radiopoloniawinnipeg.com\/index.php\/wp-json\/wp\/v2\/types\/post"}],"author":[{"embeddable":true,"href":"https:\/\/radiopoloniawinnipeg.com\/index.php\/wp-json\/wp\/v2\/users\/3"}],"replies":[{"embeddable":true,"href":"https:\/\/radiopoloniawinnipeg.com\/index.php\/wp-json\/wp\/v2\/comments?post=1879"}],"version-history":[{"count":0,"href":"https:\/\/radiopoloniawinnipeg.com\/index.php\/wp-json\/wp\/v2\/posts\/1879\/revisions"}],"wp:featuredmedia":[{"embeddable":true,"href":"https:\/\/radiopoloniawinnipeg.com\/index.php\/wp-json\/wp\/v2\/media\/1880"}],"wp:attachment":[{"href":"https:\/\/radiopoloniawinnipeg.com\/index.php\/wp-json\/wp\/v2\/media?parent=1879"}],"wp:term":[{"taxonomy":"category","embeddable":true,"href":"https:\/\/radiopoloniawinnipeg.com\/index.php\/wp-json\/wp\/v2\/categories?post=1879"},{"taxonomy":"post_tag","embeddable":true,"href":"https:\/\/radiopoloniawinnipeg.com\/index.php\/wp-json\/wp\/v2\/tags?post=1879"}],"curies":[{"name":"wp","href":"https:\/\/api.w.org\/{rel}","templated":true}]}}