{"id":1885,"date":"2025-06-11T17:15:02","date_gmt":"2025-06-11T21:15:02","guid":{"rendered":"https:\/\/radiopoloniawinnipeg.com\/index.php\/2025\/06\/11\/nie-zyje-juliette-powell-pierwsza-czarnoskora-miss-kanady\/"},"modified":"2025-06-11T17:15:02","modified_gmt":"2025-06-11T21:15:02","slug":"nie-zyje-juliette-powell-pierwsza-czarnoskora-miss-kanady","status":"publish","type":"post","link":"https:\/\/radiopoloniawinnipeg.com\/index.php\/2025\/06\/11\/nie-zyje-juliette-powell-pierwsza-czarnoskora-miss-kanady\/","title":{"rendered":"Nie \u017cyje Juliette Powell, pierwsza czarnosk\u00f3ra Miss Kanady"},"content":{"rendered":"<div id=\"attachment_214501\" style=\"width: 646px\" class=\"wp-caption aligncenter\"><img decoding=\"async\" loading=\"lazy\" aria-describedby=\"caption-attachment-214501\" class=\"size-custom-full-size wp-image-214501\" src=\"https:\/\/bejsment.com\/wp-content\/uploads\/2025\/06\/aapowell-636x358.jpg\" alt=\"\" width=\"636\" height=\"358\" \/><\/p>\n<p id=\"caption-attachment-214501\" class=\"wp-caption-text\">Juliette Powell (po lewej), widziana na imprezie z okazji premiery ksi\u0105\u017cki w 2010 roku w Nowym Jorku z tureck\u0105 przedsi\u0119biorczyni\u0105 Melek Pulatkonak.<\/p>\n<\/div>\n<p><strong>Juliette Powell, by\u0142a prezenterka MuchMusic i pierwsza czarnosk\u00f3ra kobieta koronowana na Miss Kanady. Zmar\u0142a nagle w wieku 54 lat.<\/strong><\/p>\n<p>Powell, urodzona w Nowym Jorku, jako dziecko przeprowadzi\u0142a si\u0119 z matk\u0105 do Montrealu. Zmar\u0142a 3 czerwca w wyniku ostrego bakteryjnego zapalenia opon m\u00f3zgowych \u2014 poinformowano w internetowym nekrologu.<\/p>\n<p>Karier\u0119 medialn\u0105 rozpocz\u0119\u0142a w 1992 r. jako VJ francuskoj\u0119zycznego kana\u0142u MusiquePlus, prowadz\u0105c program <em>Bouge de l\u00e0!<\/em> r\u00f3wnolegle ze studiami biznesowymi na Uniwersytecie McGilla.<\/p>\n<p>W latach 1996\u20132000 by\u0142a twarz\u0105 popularnych program\u00f3w <em>Electric Circus<\/em> i <em>French Kiss<\/em> na MuchMusic, zdobywaj\u0105c ogromn\u0105 popularno\u015b\u0107 w\u015br\u00f3d widz\u00f3w.<\/p>\n<p>We wtorek po informacji o jej \u015bmierci dawni wsp\u00f3\u0142pracownicy wspominali j\u0105 w mediach spo\u0142eczno\u015bciowych.<\/p>\n<p>\u201eB\u0119dziemy t\u0119skni\u0107 za twoj\u0105 skoczn\u0105, pozytywn\u0105 energi\u0105. Odesz\u0142a\u015b za wcze\u015bnie!\u201d \u2014 napisa\u0142 Master T.<br \/>\n\u2014 Zanim zosta\u0142am VJ, by\u0142am jej fank\u0105. By\u0142a taka fajna, taka francuska \u2014 wspomina\u0142a Jennifer Hollett.<br \/>\n\u2014 Spoczywaj w pokoju \u2014 doda\u0142a Sook-Yin Lee.<\/p>\n<p>Po odej\u015bciu z MuchMusic Powell pracowa\u0142a jako reporterka biznesowa w CP24 w Toronto. Za\u0142o\u017cy\u0142a r\u00f3wnie\u017c firm\u0119 medialno-konsultingow\u0105, dzi\u0119ki kt\u00f3rej przeprowadza\u0142a wywiady z takimi osobisto\u015bciami jak Nelson Mandela, Steven Spielberg czy Janet Jackson.<\/p>\n<h3><strong>Pionierka w \u015bwiecie konkurs\u00f3w pi\u0119kno\u015bci<\/strong><\/h3>\n<p>Zanim trafi\u0142a do telewizji, w 1989 r. zosta\u0142a Miss Kanady \u2014 jako pierwsza osoba o mieszanym pochodzeniu. W maju 1990 r. reprezentowa\u0142a kraj na konkursie Miss Universe.<\/p>\n<p><img decoding=\"async\" loading=\"lazy\" class=\"aligncenter size-custom-full-size wp-image-214500\" src=\"https:\/\/bejsment.com\/wp-content\/uploads\/2025\/06\/aapowell2-636x358.jpg\" alt=\"\" width=\"636\" height=\"358\" \/><\/p>\n<p>\u2014 Z przyjemno\u015bci\u0105 b\u0119d\u0119 wzorem dla bia\u0142ych i czarnych Kanadyjczyk\u00f3w. Moje zwyci\u0119stwo jest dowodem wielokulturowo\u015bci tego kraju \u2014 m\u00f3wi\u0142a po koronacji.<\/p>\n<p>Rok p\u00f3\u017aniej podkre\u015bla\u0142a, \u017ce najcenniejsze w jej panowaniu by\u0142o to, jak bardzo rozwin\u0119\u0142a si\u0119 i zyska\u0142a dzi\u0119ki tej roli.<\/p>\n<h3><strong>Nowa \u015bcie\u017cka i dzia\u0142alno\u015b\u0107 publiczna<\/strong><\/h3>\n<p>Pasja do technologii i etyki sk\u0142oni\u0142a Powell do zmiany kariery. Doradza\u0142a m.in. ONZ, Bankowi \u015awiatowemu i \u015awiatowemu Forum Ekonomicznemu. Uko\u0144czy\u0142a socjologi\u0119 z wyr\u00f3\u017cnieniem na Uniwersytecie Columbia.<\/p>\n<p>Od 2021 r. wyk\u0142ada\u0142a na Wydziale Telekomunikacji Uniwersytetu Nowojorskiego, a w 2024 r. wsp\u00f3\u0142tworzy\u0142a firm\u0119 konsultingow\u0105 Kleiner Powell International.<\/p>\n<p><img decoding=\"async\" loading=\"lazy\" class=\"aligncenter size-custom-full-size wp-image-214498\" src=\"https:\/\/bejsment.com\/wp-content\/uploads\/2025\/06\/aajuliette4-636x445.jpg\" alt=\"\" width=\"636\" height=\"445\" \/><\/p>\n<p>By\u0142a tak\u017ce cenion\u0105 m\u00f3wczyni\u0105 i komentatork\u0105 w CBC News, NBC, BBC i innych stacjach, specjalizuj\u0105c si\u0119 w tematach prywatno\u015bci, cyberbezpiecze\u0144stwa i nie\u015bwiadomych uprzedze\u0144 w technologii.<\/p>\n<p>Opublikowa\u0142a dwie ksi\u0105\u017cki: <em>33 Million People in the Room<\/em> (2009) i <em>The AI Dilemma: 7 Principles for Responsible Technology<\/em> (2023).<\/p>\n<p>W nekrologu podkre\u015blono, \u017ce najwi\u0119kszy wp\u0142yw Powell wywiera\u0142a nie karier\u0105, lecz przyja\u017aniami. \u201eJuliette mia\u0142a magiczny spos\u00f3b przyci\u0105gania ludzi swoim entuzjazmem i wspania\u0142ym u\u015bmiechem. Jej strata jest druzgoc\u0105ca\u201d \u2014 napisano.<\/p>\n<p style=\"text-align: right\"><em>Na podst. Canadian Press<\/em><\/p>\n","protected":false},"excerpt":{"rendered":"<p>Juliette Powell (po lewej), widziana na imprezie z okazji premiery ksi\u0105\u017cki w 2010 roku w Nowym Jorku z tureck\u0105 przedsi\u0119biorczyni\u0105 Melek Pulatkonak. Juliette Powell, by\u0142a&hellip;<\/p>\n","protected":false},"author":3,"featured_media":1886,"comment_status":"open","ping_status":"open","sticky":false,"template":"","format":"standard","meta":{"footnotes":""},"categories":[12,18],"tags":[],"class_list":["post-1885","post","type-post","status-publish","format-standard","has-post-thumbnail","hentry","category-kanada","category-top-news"],"_links":{"self":[{"href":"https:\/\/radiopoloniawinnipeg.com\/index.php\/wp-json\/wp\/v2\/posts\/1885","targetHints":{"allow":["GET"]}}],"collection":[{"href":"https:\/\/radiopoloniawinnipeg.com\/index.php\/wp-json\/wp\/v2\/posts"}],"about":[{"href":"https:\/\/radiopoloniawinnipeg.com\/index.php\/wp-json\/wp\/v2\/types\/post"}],"author":[{"embeddable":true,"href":"https:\/\/radiopoloniawinnipeg.com\/index.php\/wp-json\/wp\/v2\/users\/3"}],"replies":[{"embeddable":true,"href":"https:\/\/radiopoloniawinnipeg.com\/index.php\/wp-json\/wp\/v2\/comments?post=1885"}],"version-history":[{"count":0,"href":"https:\/\/radiopoloniawinnipeg.com\/index.php\/wp-json\/wp\/v2\/posts\/1885\/revisions"}],"wp:featuredmedia":[{"embeddable":true,"href":"https:\/\/radiopoloniawinnipeg.com\/index.php\/wp-json\/wp\/v2\/media\/1886"}],"wp:attachment":[{"href":"https:\/\/radiopoloniawinnipeg.com\/index.php\/wp-json\/wp\/v2\/media?parent=1885"}],"wp:term":[{"taxonomy":"category","embeddable":true,"href":"https:\/\/radiopoloniawinnipeg.com\/index.php\/wp-json\/wp\/v2\/categories?post=1885"},{"taxonomy":"post_tag","embeddable":true,"href":"https:\/\/radiopoloniawinnipeg.com\/index.php\/wp-json\/wp\/v2\/tags?post=1885"}],"curies":[{"name":"wp","href":"https:\/\/api.w.org\/{rel}","templated":true}]}}