{"id":1893,"date":"2025-06-12T08:15:05","date_gmt":"2025-06-12T12:15:05","guid":{"rendered":"https:\/\/radiopoloniawinnipeg.com\/index.php\/2025\/06\/12\/szef-pentagonu-putin-sie-nie-zatrzyma\/"},"modified":"2025-06-12T08:15:05","modified_gmt":"2025-06-12T12:15:05","slug":"szef-pentagonu-putin-sie-nie-zatrzyma","status":"publish","type":"post","link":"https:\/\/radiopoloniawinnipeg.com\/index.php\/2025\/06\/12\/szef-pentagonu-putin-sie-nie-zatrzyma\/","title":{"rendered":"Szef Pentagonu: Putin si\u0119 nie zatrzyma"},"content":{"rendered":"<div id=\"attachment_214585\" style=\"width: 646px\" class=\"wp-caption aligncenter\"><img decoding=\"async\" loading=\"lazy\" aria-describedby=\"caption-attachment-214585\" class=\"size-custom-full-size wp-image-214585\" src=\"https:\/\/bejsment.com\/wp-content\/uploads\/2025\/06\/aaszefpentag-636x358.jpg\" alt=\"\" width=\"636\" height=\"358\" \/><\/p>\n<p id=\"caption-attachment-214585\" class=\"wp-caption-text\">Sekretarz obrony Stan\u00f3w Zjednoczonych Pete Hegseth<\/p>\n<\/div>\n<p><strong>Rosja podzieli Ukrain\u0119 i p\u00f3jdzie dalej, je\u015bli jej nie powstrzymamy \u2014 ostrzeg\u0142 senator Lindsey Graham podczas wys\u0142uchania w Kongresie USA. R\u00f3wnie\u017c wojskowi nie maj\u0105 z\u0142udze\u0144 co do dalszych plan\u00f3w W\u0142adimira Putina.<\/strong><\/p>\n<p>Pytany, czy rosyjska agresja ograniczy si\u0119 do Ukrainy, sekretarz obrony Pete Hegseth odpar\u0142: \u201eTo si\u0119 oka\u017ce\u201d. Podkre\u015bli\u0142 jednak, \u017ce to Rosja jest agresorem w tym konflikcie. Jeszcze dobitniejszy by\u0142 genera\u0142 Dan Caine, przewodnicz\u0105cy Kolegium Po\u0142\u0105czonych Szef\u00f3w Sztab\u00f3w: \u201eNie s\u0105dz\u0119, \u017ce si\u0119 zatrzyma\u201d.<\/p>\n<p>Senator Graham przypomnia\u0142, \u017ce sam Putin zapowiada kontynuacj\u0119 agresji. \u201eTo powt\u00f3rka lat 30. Rosja podzieli Ukrain\u0119 i p\u00f3jdzie dalej, je\u015bli ich nie powstrzymamy\u201d \u2014 m\u00f3wi\u0142.<\/p>\n<p>Podczas posiedzenia ujawniono te\u017c, \u017ce w bud\u017cecie obronnym USA na 2026 r. \u015brodki na pomoc wojskow\u0105 dla Ukrainy zostan\u0105 zredukowane. \u201eObecna administracja ma inne spojrzenie na ten konflikt\u201d \u2014 przyzna\u0142 Hegseth.<\/p>\n<p>Kongresmeni zwr\u00f3cili te\u017c uwag\u0119 na rol\u0119 Chin. Pekin, wed\u0142ug Hegsetha, d\u0105\u017cy do d\u0142ugiego trwania wojny, by os\u0142abi\u0107 zaanga\u017cowanie USA w innych regionach.<\/p>\n<p>Tymczasem prezydent Donald Trump, kt\u00f3ry niedawno rozmawia\u0142 z Putinem, wyrazi\u0142 zaniepokojenie rosyjskimi dronami mog\u0105cymi zagrozi\u0107 USA. Ukrai\u0144ska strona podkre\u015bla, \u017ce postawa Trumpa wobec Putina nie zmieni\u0142a si\u0119 mimo masowych rosyjskich atak\u00f3w.<\/p>\n<p style=\"text-align: right\"><em>Na podst. Polsat News<\/em><\/p>\n","protected":false},"excerpt":{"rendered":"<p>Sekretarz obrony Stan\u00f3w Zjednoczonych Pete Hegseth Rosja podzieli Ukrain\u0119 i p\u00f3jdzie dalej, je\u015bli jej nie powstrzymamy \u2014 ostrzeg\u0142 senator Lindsey Graham podczas wys\u0142uchania w Kongresie&hellip;<\/p>\n","protected":false},"author":3,"featured_media":1894,"comment_status":"open","ping_status":"open","sticky":false,"template":"","format":"standard","meta":{"footnotes":""},"categories":[15,18],"tags":[],"class_list":["post-1893","post","type-post","status-publish","format-standard","has-post-thumbnail","hentry","category-swiat","category-top-news"],"_links":{"self":[{"href":"https:\/\/radiopoloniawinnipeg.com\/index.php\/wp-json\/wp\/v2\/posts\/1893","targetHints":{"allow":["GET"]}}],"collection":[{"href":"https:\/\/radiopoloniawinnipeg.com\/index.php\/wp-json\/wp\/v2\/posts"}],"about":[{"href":"https:\/\/radiopoloniawinnipeg.com\/index.php\/wp-json\/wp\/v2\/types\/post"}],"author":[{"embeddable":true,"href":"https:\/\/radiopoloniawinnipeg.com\/index.php\/wp-json\/wp\/v2\/users\/3"}],"replies":[{"embeddable":true,"href":"https:\/\/radiopoloniawinnipeg.com\/index.php\/wp-json\/wp\/v2\/comments?post=1893"}],"version-history":[{"count":0,"href":"https:\/\/radiopoloniawinnipeg.com\/index.php\/wp-json\/wp\/v2\/posts\/1893\/revisions"}],"wp:featuredmedia":[{"embeddable":true,"href":"https:\/\/radiopoloniawinnipeg.com\/index.php\/wp-json\/wp\/v2\/media\/1894"}],"wp:attachment":[{"href":"https:\/\/radiopoloniawinnipeg.com\/index.php\/wp-json\/wp\/v2\/media?parent=1893"}],"wp:term":[{"taxonomy":"category","embeddable":true,"href":"https:\/\/radiopoloniawinnipeg.com\/index.php\/wp-json\/wp\/v2\/categories?post=1893"},{"taxonomy":"post_tag","embeddable":true,"href":"https:\/\/radiopoloniawinnipeg.com\/index.php\/wp-json\/wp\/v2\/tags?post=1893"}],"curies":[{"name":"wp","href":"https:\/\/api.w.org\/{rel}","templated":true}]}}