{"id":1899,"date":"2025-06-12T13:30:04","date_gmt":"2025-06-12T17:30:04","guid":{"rendered":"https:\/\/radiopoloniawinnipeg.com\/index.php\/2025\/06\/12\/summer-mcintosh-bije-kolejny-rekord-swiata\/"},"modified":"2025-06-12T13:30:04","modified_gmt":"2025-06-12T17:30:04","slug":"summer-mcintosh-bije-kolejny-rekord-swiata","status":"publish","type":"post","link":"https:\/\/radiopoloniawinnipeg.com\/index.php\/2025\/06\/12\/summer-mcintosh-bije-kolejny-rekord-swiata\/","title":{"rendered":"Summer McIntosh bije kolejny rekord \u015bwiata"},"content":{"rendered":"<p><img decoding=\"async\" loading=\"lazy\" class=\"aligncenter size-custom-full-size wp-image-214600\" src=\"https:\/\/bejsment.com\/wp-content\/uploads\/2025\/06\/aasummer2-636x358.jpeg\" alt=\"\" width=\"636\" height=\"358\" \/><\/p>\n<p><strong>Summer McIntosh nie przestaje zadziwia\u0107. 18-letnia p\u0142ywaczka z Toronto ustanowi\u0142a w \u015brod\u0119 kolejny rekord \u015bwiata \u2014 tym razem na 400 m stylem zmiennym.<\/strong><\/p>\n<p>Podczas kanadyjskich zawod\u00f3w w Victorii McIntosh przep\u0142yn\u0119\u0142a dystans w czasie 4:23,65, bij\u0105c w\u0142asny rekord (4:24,38) z maja ubieg\u0142ego roku. To ju\u017c trzeci rekord \u015bwiata pobity przez ni\u0105 podczas tegorocznych kwalifikacji olimpijskich. Wcze\u015bniej ustanowi\u0142a rekordy na 200 m stylem zmiennym i 400 m stylem dowolnym.<\/p>\n<p>\u2014 Wiem, \u017ce mog\u0119 jeszcze p\u0142yn\u0105\u0107 szybciej. Teraz czas na \u015bwi\u0119towanie, a potem wracam do pracy \u2014 powiedzia\u0142a McIntosh, kt\u00f3ra jest tak\u017ce rekordzistk\u0105 \u015bwiata na 200 m stylem motylkowym.<\/p>\n<p>W niedziel\u0119 pobi\u0142a r\u00f3wnie\u017c rekord Kanady na 800 m stylem dowolnym (8:05,07), a we wtorek na 200 m stylem motylkowym.<\/p>\n<p>Dwukrotna olimpijka zdoby\u0142a w Pary\u017cu trzy z\u0142ote i jeden srebrny medal, jako pierwsza Kanadyjka z trzema z\u0142otymi kr\u0105\u017ckami na jednych igrzyskach.<\/p>\n<p>Rekordowy dzie\u0144 w Victorii mia\u0142 te\u017c Ethan Ekk, kt\u00f3ry na 200 m stylem grzbietowym uzyska\u0142 czas 1:56,54, poprawiaj\u0105c poprzedni rekord o 0,20 s.<\/p>\n<p>W parap\u0142ywaniu Nicholas Bennett wygra\u0142 na 200 m stylem zmiennym (2:06,36), a Reid Maxwell i Tyson Jacob ustanowili nowe kanadyjskie rekordy w swoich kategoriach \u2014 SM8 i SM5.<\/p>\n<p style=\"text-align: right\"><em>Na podst. Canadian Press<\/em><\/p>\n","protected":false},"excerpt":{"rendered":"<p>Summer McIntosh nie przestaje zadziwia\u0107. 18-letnia p\u0142ywaczka z Toronto ustanowi\u0142a w \u015brod\u0119 kolejny rekord \u015bwiata \u2014 tym razem na 400 m stylem zmiennym. Podczas kanadyjskich&hellip;<\/p>\n","protected":false},"author":3,"featured_media":1900,"comment_status":"open","ping_status":"open","sticky":false,"template":"","format":"standard","meta":{"footnotes":""},"categories":[12,18],"tags":[],"class_list":["post-1899","post","type-post","status-publish","format-standard","has-post-thumbnail","hentry","category-kanada","category-top-news"],"_links":{"self":[{"href":"https:\/\/radiopoloniawinnipeg.com\/index.php\/wp-json\/wp\/v2\/posts\/1899","targetHints":{"allow":["GET"]}}],"collection":[{"href":"https:\/\/radiopoloniawinnipeg.com\/index.php\/wp-json\/wp\/v2\/posts"}],"about":[{"href":"https:\/\/radiopoloniawinnipeg.com\/index.php\/wp-json\/wp\/v2\/types\/post"}],"author":[{"embeddable":true,"href":"https:\/\/radiopoloniawinnipeg.com\/index.php\/wp-json\/wp\/v2\/users\/3"}],"replies":[{"embeddable":true,"href":"https:\/\/radiopoloniawinnipeg.com\/index.php\/wp-json\/wp\/v2\/comments?post=1899"}],"version-history":[{"count":0,"href":"https:\/\/radiopoloniawinnipeg.com\/index.php\/wp-json\/wp\/v2\/posts\/1899\/revisions"}],"wp:featuredmedia":[{"embeddable":true,"href":"https:\/\/radiopoloniawinnipeg.com\/index.php\/wp-json\/wp\/v2\/media\/1900"}],"wp:attachment":[{"href":"https:\/\/radiopoloniawinnipeg.com\/index.php\/wp-json\/wp\/v2\/media?parent=1899"}],"wp:term":[{"taxonomy":"category","embeddable":true,"href":"https:\/\/radiopoloniawinnipeg.com\/index.php\/wp-json\/wp\/v2\/categories?post=1899"},{"taxonomy":"post_tag","embeddable":true,"href":"https:\/\/radiopoloniawinnipeg.com\/index.php\/wp-json\/wp\/v2\/tags?post=1899"}],"curies":[{"name":"wp","href":"https:\/\/api.w.org\/{rel}","templated":true}]}}