{"id":1901,"date":"2025-06-12T14:15:05","date_gmt":"2025-06-12T18:15:05","guid":{"rendered":"https:\/\/radiopoloniawinnipeg.com\/index.php\/2025\/06\/12\/duda-czesc-sedziow-zdradza-panstwo\/"},"modified":"2025-06-12T14:15:05","modified_gmt":"2025-06-12T18:15:05","slug":"duda-czesc-sedziow-zdradza-panstwo","status":"publish","type":"post","link":"https:\/\/radiopoloniawinnipeg.com\/index.php\/2025\/06\/12\/duda-czesc-sedziow-zdradza-panstwo\/","title":{"rendered":"Duda: cz\u0119\u015b\u0107 s\u0119dzi\u00f3w zdradza pa\u0144stwo"},"content":{"rendered":"<p><strong><img decoding=\"async\" loading=\"lazy\" class=\"aligncenter size-custom-full-size wp-image-214627\" src=\"https:\/\/bejsment.com\/wp-content\/uploads\/2025\/06\/aaprezydentDuda3-636x478.jpg\" alt=\"\" width=\"636\" height=\"478\" \/><\/strong><\/p>\n<p><strong>Prezydent Andrzej Duda ponownie ostro skrytykowa\u0142 cz\u0119\u015b\u0107 \u015brodowiska s\u0119dziowskiego, zarzucaj\u0105c mu dzia\u0142anie na szkod\u0119 pa\u0144stwa. \u2014 To zdrada interes\u00f3w pa\u0144stwowych \u2014 stwierdzi\u0142 podczas konferencji prasowej.<\/strong><\/p>\n<p>Duda przypomnia\u0142 sw\u00f3j wcze\u015bniejszy apel o dok\u0142adne rozliczenie \u015brodowiska s\u0119dziowskiego od 1989 r., ze szczeg\u00f3lnym uwzgl\u0119dnieniem s\u0119dzi\u00f3w zwi\u0105zanych z PRL i PZPR. Jego zdaniem po transformacji zabrak\u0142o rzeczywistej weryfikacji s\u0119dzi\u00f3w, a dotychczasowe pr\u00f3by reform zako\u0144czy\u0142y si\u0119 niepowodzeniem.<\/p>\n<p>Prezydent oskar\u017cy\u0142 cz\u0119\u015b\u0107 s\u0119dzi\u00f3w o \u201eoszala\u0142\u0105\u201d obron\u0119 w\u0142asnych przywilej\u00f3w i elitarno\u015bci, a tak\u017ce o podwa\u017canie fundament\u00f3w pa\u0144stwa. Jako przyk\u0142ad poda\u0142 przypadki uchylania wyrok\u00f3w z powodu udzia\u0142u tzw. neos\u0119dzi\u00f3w w sk\u0142adach orzekaj\u0105cych.<\/p>\n<p>\u2014 Mamy sytuacje, w kt\u00f3rych bandyt\u00f3w i morderc\u00f3w wypuszcza si\u0119 z wi\u0119zienia tylko dlatego, \u017ce sk\u0142ad s\u0119dziowski by\u0142 rzekomo niew\u0142a\u015bciwy. To dzia\u0142anie przeciwko bezpiecze\u0144stwu obywateli \u2014 m\u00f3wi\u0142 Duda.<\/p>\n<p>Ostatnio media opisywa\u0142y spraw\u0119 z S\u0105du Rejonowego Pozna\u0144 Stare Miasto, gdzie obywatel z\u0142o\u017cy\u0142 wniosek o wy\u0142\u0105czenie s\u0119dzi wybranej przez KRS po reformie z 2017 r. (tzw. neos\u0119dzi). Tymczasem rzecznik Trybuna\u0142u Sprawiedliwo\u015bci UE uzna\u0142 niedawno, \u017ce nie ma podstaw do automatycznego wykluczania takich s\u0119dzi\u00f3w ze sk\u0142ad\u00f3w orzekaj\u0105cych.<\/p>\n<p>Prezydent zapowiada dalsze dzia\u0142ania na rzecz reformy wymiaru sprawiedliwo\u015bci.<\/p>\n<p style=\"text-align: right\"><em>Na podst. iPl<\/em><\/p>\n","protected":false},"excerpt":{"rendered":"<p>Prezydent Andrzej Duda ponownie ostro skrytykowa\u0142 cz\u0119\u015b\u0107 \u015brodowiska s\u0119dziowskiego, zarzucaj\u0105c mu dzia\u0142anie na szkod\u0119 pa\u0144stwa. \u2014 To zdrada interes\u00f3w pa\u0144stwowych \u2014 stwierdzi\u0142 podczas konferencji prasowej.&hellip;<\/p>\n","protected":false},"author":3,"featured_media":1902,"comment_status":"open","ping_status":"open","sticky":false,"template":"","format":"standard","meta":{"footnotes":""},"categories":[14,18],"tags":[],"class_list":["post-1901","post","type-post","status-publish","format-standard","has-post-thumbnail","hentry","category-polska","category-top-news"],"_links":{"self":[{"href":"https:\/\/radiopoloniawinnipeg.com\/index.php\/wp-json\/wp\/v2\/posts\/1901","targetHints":{"allow":["GET"]}}],"collection":[{"href":"https:\/\/radiopoloniawinnipeg.com\/index.php\/wp-json\/wp\/v2\/posts"}],"about":[{"href":"https:\/\/radiopoloniawinnipeg.com\/index.php\/wp-json\/wp\/v2\/types\/post"}],"author":[{"embeddable":true,"href":"https:\/\/radiopoloniawinnipeg.com\/index.php\/wp-json\/wp\/v2\/users\/3"}],"replies":[{"embeddable":true,"href":"https:\/\/radiopoloniawinnipeg.com\/index.php\/wp-json\/wp\/v2\/comments?post=1901"}],"version-history":[{"count":0,"href":"https:\/\/radiopoloniawinnipeg.com\/index.php\/wp-json\/wp\/v2\/posts\/1901\/revisions"}],"wp:featuredmedia":[{"embeddable":true,"href":"https:\/\/radiopoloniawinnipeg.com\/index.php\/wp-json\/wp\/v2\/media\/1902"}],"wp:attachment":[{"href":"https:\/\/radiopoloniawinnipeg.com\/index.php\/wp-json\/wp\/v2\/media?parent=1901"}],"wp:term":[{"taxonomy":"category","embeddable":true,"href":"https:\/\/radiopoloniawinnipeg.com\/index.php\/wp-json\/wp\/v2\/categories?post=1901"},{"taxonomy":"post_tag","embeddable":true,"href":"https:\/\/radiopoloniawinnipeg.com\/index.php\/wp-json\/wp\/v2\/tags?post=1901"}],"curies":[{"name":"wp","href":"https:\/\/api.w.org\/{rel}","templated":true}]}}