{"id":1925,"date":"2025-06-13T10:30:06","date_gmt":"2025-06-13T14:30:06","guid":{"rendered":"https:\/\/radiopoloniawinnipeg.com\/index.php\/2025\/06\/13\/glosy-z-14-komisji-zostana-ponownie-przeliczone\/"},"modified":"2025-06-13T10:30:06","modified_gmt":"2025-06-13T14:30:06","slug":"glosy-z-14-komisji-zostana-ponownie-przeliczone","status":"publish","type":"post","link":"https:\/\/radiopoloniawinnipeg.com\/index.php\/2025\/06\/13\/glosy-z-14-komisji-zostana-ponownie-przeliczone\/","title":{"rendered":"G\u0142osy z 14 komisji zostan\u0105 ponownie przeliczone"},"content":{"rendered":"<p><img decoding=\"async\" loading=\"lazy\" class=\"aligncenter size-custom-full-size wp-image-214719\" src=\"https:\/\/bejsment.com\/wp-content\/uploads\/2025\/06\/aaglosy2-636x318.jpg\" alt=\"\" width=\"636\" height=\"318\" \/><\/p>\n<p><strong>S\u0105d Najwy\u017cszy dopu\u015bci\u0142 ponowne liczenie g\u0142os\u00f3w w kilkunastu obwodowych komisjach wyborczych \u2014 poinformowano w oficjalnym komunikacie. To odpowied\u017a na protesty dotycz\u0105ce nieprawid\u0142owo\u015bci przy liczeniu g\u0142os\u00f3w w cz\u0119\u015bci punkt\u00f3w podczas II tury wybor\u00f3w prezydenckich.<\/strong><\/p>\n<p>\u201ePostanowieniem z 11 czerwca 2025 r. S\u0105d Najwy\u017cszy dopu\u015bci\u0142 dow\u00f3d z ogl\u0119dzin kart do g\u0142osowania z kilkunastu komisji\u201d \u2014 czytamy na stronie internetowej SN.<\/p>\n<p>S\u0119dziowie przychylili si\u0119 do cz\u0119\u015bci protest\u00f3w, kt\u00f3re wskazywa\u0142y na tzw. anomalie w liczeniu g\u0142os\u00f3w. Ponowne przeliczenie odb\u0119dzie si\u0119 w komisjach:<\/p>\n<ul>\n<li>OKW nr 95 w Krakowie,<\/li>\n<li>OKW nr 3 w Ole\u015bnie,<\/li>\n<li>OKW nr 13 w Mi\u0144sku Mazowieckim,<\/li>\n<li>OKW nr 9 w Strzelcach Opolskich,<\/li>\n<li>OKW nr 25 w Grudzi\u0105dzu,<\/li>\n<li>OKW nr 17 w Gda\u0144sku,<\/li>\n<li>OKW nr 30 i nr 61 w Bielsku-Bia\u0142ej,<\/li>\n<li>OKW nr 10 w Tarnowie,<\/li>\n<li>OKW nr 53 w Katowicach,<\/li>\n<li>OKW nr 35 w Tychach,<\/li>\n<li>OKW nr 6 w Kamiennej G\u00f3rze,<\/li>\n<li>OKW nr 4 w Brze\u015bciu Kujawskim.<\/li>\n<\/ul>\n<p>Ponowne liczenie ma na celu \u201eustalenie liczby wa\u017cnie oddanych g\u0142os\u00f3w na poszczeg\u00f3lnych kandydat\u00f3w na urz\u0105d Prezydenta RP\u201d w g\u0142osowaniu z 1 czerwca. Reasumpcj\u0119 przeprowadz\u0105 w\u0142a\u015bciwe s\u0105dy rejonowe w drodze pomocy s\u0105dowej.<\/p>\n<h3><strong>Anomalie w liczeniu g\u0142os\u00f3w<\/strong><\/h3>\n<p>Po og\u0142oszeniu wynik\u00f3w II tury wybor\u00f3w media informowa\u0142y o anomaliach w niekt\u00f3rych komisjach. W Mi\u0144sku Mazowieckim dosz\u0142o do zamiany wynik\u00f3w kandydat\u00f3w. Przewodnicz\u0105cy komisji t\u0142umaczy si\u0119 pomy\u0142k\u0105 \u2014 sprawa mo\u017ce trafi\u0107 do prokuratury.<\/p>\n<p>Podobny b\u0142\u0105d wyst\u0105pi\u0142 w komisji nr 95 w Krakowie przy ul. Stawowej, gdzie g\u0142osy zosta\u0142y przypisane odwrotnie, co spowodowa\u0142o, \u017ce zwyci\u0119zc\u0105 og\u0142oszono Karola Nawrockiego zamiast Rafa\u0142a Trzaskowskiego. Spraw\u0119 wyja\u015bnia Okr\u0119gowa Komisja Wyborcza w Krakowie.<\/p>\n<p>Wed\u0142ug doniesie\u0144 medi\u00f3w nieprawid\u0142owo\u015bci mog\u0142y dotyczy\u0107 kilkunastu komisji, jednak nie mia\u0142y one wp\u0142ywu na ostateczny wynik wybor\u00f3w. R\u00f3\u017cnica mi\u0119dzy kandydatami wynios\u0142a ponad 369 tys. g\u0142os\u00f3w \u2014 Nawrocki zdoby\u0142 10 606 877 g\u0142os\u00f3w, a Trzaskowski 10 237 286.<\/p>\n<p style=\"text-align: right\"><em>Na podst. Polsat News<\/em><\/p>\n","protected":false},"excerpt":{"rendered":"<p>S\u0105d Najwy\u017cszy dopu\u015bci\u0142 ponowne liczenie g\u0142os\u00f3w w kilkunastu obwodowych komisjach wyborczych \u2014 poinformowano w oficjalnym komunikacie. To odpowied\u017a na protesty dotycz\u0105ce nieprawid\u0142owo\u015bci przy liczeniu g\u0142os\u00f3w&hellip;<\/p>\n","protected":false},"author":3,"featured_media":1926,"comment_status":"open","ping_status":"open","sticky":false,"template":"","format":"standard","meta":{"footnotes":""},"categories":[14,18],"tags":[],"class_list":["post-1925","post","type-post","status-publish","format-standard","has-post-thumbnail","hentry","category-polska","category-top-news"],"_links":{"self":[{"href":"https:\/\/radiopoloniawinnipeg.com\/index.php\/wp-json\/wp\/v2\/posts\/1925","targetHints":{"allow":["GET"]}}],"collection":[{"href":"https:\/\/radiopoloniawinnipeg.com\/index.php\/wp-json\/wp\/v2\/posts"}],"about":[{"href":"https:\/\/radiopoloniawinnipeg.com\/index.php\/wp-json\/wp\/v2\/types\/post"}],"author":[{"embeddable":true,"href":"https:\/\/radiopoloniawinnipeg.com\/index.php\/wp-json\/wp\/v2\/users\/3"}],"replies":[{"embeddable":true,"href":"https:\/\/radiopoloniawinnipeg.com\/index.php\/wp-json\/wp\/v2\/comments?post=1925"}],"version-history":[{"count":0,"href":"https:\/\/radiopoloniawinnipeg.com\/index.php\/wp-json\/wp\/v2\/posts\/1925\/revisions"}],"wp:featuredmedia":[{"embeddable":true,"href":"https:\/\/radiopoloniawinnipeg.com\/index.php\/wp-json\/wp\/v2\/media\/1926"}],"wp:attachment":[{"href":"https:\/\/radiopoloniawinnipeg.com\/index.php\/wp-json\/wp\/v2\/media?parent=1925"}],"wp:term":[{"taxonomy":"category","embeddable":true,"href":"https:\/\/radiopoloniawinnipeg.com\/index.php\/wp-json\/wp\/v2\/categories?post=1925"},{"taxonomy":"post_tag","embeddable":true,"href":"https:\/\/radiopoloniawinnipeg.com\/index.php\/wp-json\/wp\/v2\/tags?post=1925"}],"curies":[{"name":"wp","href":"https:\/\/api.w.org\/{rel}","templated":true}]}}