{"id":1929,"date":"2025-06-13T12:15:05","date_gmt":"2025-06-13T16:15:05","guid":{"rendered":"https:\/\/radiopoloniawinnipeg.com\/index.php\/2025\/06\/13\/wojsko-gotowe-do-ewakuacji-polakow-z-bliskiego-wschodu\/"},"modified":"2025-06-13T12:15:05","modified_gmt":"2025-06-13T16:15:05","slug":"wojsko-gotowe-do-ewakuacji-polakow-z-bliskiego-wschodu","status":"publish","type":"post","link":"https:\/\/radiopoloniawinnipeg.com\/index.php\/2025\/06\/13\/wojsko-gotowe-do-ewakuacji-polakow-z-bliskiego-wschodu\/","title":{"rendered":"Wojsko gotowe do ewakuacji Polak\u00f3w z Bliskiego Wschodu"},"content":{"rendered":"<p><img decoding=\"async\" loading=\"lazy\" class=\"aligncenter size-custom-full-size wp-image-214741\" src=\"https:\/\/bejsment.com\/wp-content\/uploads\/2025\/06\/aaewakuacja3-636x530.jpg\" alt=\"\" width=\"636\" height=\"530\" \/><\/p>\n<p><strong>Po izraelskim ataku na ira\u0144skie obiekty nuklearne polskie s\u0142u\u017cby i wojsko pozostaj\u0105 w gotowo\u015bci. MSZ monitoruje sytuacj\u0119, a MON deklaruje wsparcie dla ewentualnej ewakuacji Polak\u00f3w z regionu.<\/strong><\/p>\n<p>Polskie s\u0142u\u017cby wywiadowcze uwa\u017cnie \u015bledz\u0105 sytuacj\u0119 na Bliskim Wschodzie po izraelskim ataku na ira\u0144skie instalacje nuklearne \u2014 zapewni\u0142 szef MSWiA i koordynator s\u0142u\u017cb specjalnych Tomasz Siemoniak.<\/p>\n<p>W nocy z czwartku na pi\u0105tek Izrael zaatakowa\u0142 Iran, uderzaj\u0105c w co najmniej sze\u015b\u0107 baz wojskowych w rejonie Teheranu, w tym obiekt w Parchin, gdzie \u2014 jak donosi <em>The New York Times<\/em> \u2014 prowadzone s\u0105 badania nad broni\u0105 j\u0105drow\u0105.<\/p>\n<p>Izrael twierdzi, \u017ce Iran przyspiesza prace nad broni\u0105 atomow\u0105 i dysponuje ju\u017c ilo\u015bci\u0105 wzbogaconego uranu pozwalaj\u0105c\u0105 na skonstruowanie 15 bomb nuklearnych w ci\u0105gu kilku dni. Dodatkowym zagro\u017ceniem jest ira\u0144ski arsena\u0142 rakietowy \u2014 wed\u0142ug izraelskich danych Teheran planuje potroi\u0107 liczb\u0119 pocisk\u00f3w balistycznych w najbli\u017cszym roku.<\/p>\n<p><strong>Polskie w\u0142adze reaguj\u0105<\/strong><\/p>\n<p>\u2014 Polskie s\u0142u\u017cby wywiadowcze w bliskiej wsp\u00f3\u0142pracy z sojusznikami \u015bci\u015ble monitoruj\u0105 ostatnie wojskowe dzia\u0142ania Izraela wobec ira\u0144skich instalacji nuklearnych \u2014 przede wszystkim z punktu widzenia interes\u00f3w bezpiecze\u0144stwa Polski i obywateli polskich przebywaj\u0105cych w rejonie Bliskiego Wschodu \u2014 poinformowa\u0142 minister Tomasz Siemoniak na portalu X.<\/p>\n<p>Bezpiecze\u0144stwo Polak\u00f3w w Iranie i Izraelu potwierdzi\u0142 szef polskiej dyplomacji Rados\u0142aw Sikorski. \u2014 Rozmawia\u0142em przed chwil\u0105 z ambasadorem Marcinem Wilczkiem w Teheranie. Nasza plac\u00f3wka i jej personel s\u0105 bezpieczni \u2014 zapewni\u0142.<\/p>\n<p><strong>Gotowo\u015b\u0107 do ewakuacji<\/strong><\/p>\n<p>Wicepremier i minister obrony narodowej W\u0142adys\u0142aw Kosiniak-Kamysz poinformowa\u0142, \u017ce wojsko jest gotowe wesprze\u0107 ewentualne dzia\u0142ania ewakuacyjne. \u2014 Te sprawy koordynuje MSZ, ale nasze statki powietrzne s\u0105 gotowe do u\u017cycia, je\u015bli zajdzie taka potrzeba \u2014 powiedzia\u0142 w rozmowie z RMF FM.<\/p>\n<p>Kosiniak-Kamysz podkre\u015bli\u0142, \u017ce obecnie nie ma informacji o poszkodowanych polskich obywatelach na Bliskim Wschodzie. \u2014 Personel ambasady w Teheranie jest bezpieczny. Prosimy wszystkich Polak\u00f3w przebywaj\u0105cych w Iranie i Izraelu o \u015bcis\u0142e stosowanie si\u0119 do komunikat\u00f3w wydawanych przez MSZ oraz lokalne w\u0142adze \u2014 zaznaczy\u0142.<\/p>\n<p>Minister obrony doda\u0142, \u017ce Polska ma obecnie dwa kontyngenty wojskowe w regionie: w Libanie i w Turcji. \u2014 Naszym priorytetem jest bezpiecze\u0144stwo polskich \u017co\u0142nierzy w obu tych miejscach \u2014 zapewni\u0142.<\/p>\n<p>Wed\u0142ug najnowszych informacji Iran wystrzeli\u0142 ju\u017c ponad 100 dron\u00f3w w stron\u0119 Izraela. Obrona powietrzna tego kraju jest w pe\u0142nej gotowo\u015bci do odparcia ewentualnych atak\u00f3w odwetowych.<\/p>\n","protected":false},"excerpt":{"rendered":"<p>Po izraelskim ataku na ira\u0144skie obiekty nuklearne polskie s\u0142u\u017cby i wojsko pozostaj\u0105 w gotowo\u015bci. MSZ monitoruje sytuacj\u0119, a MON deklaruje wsparcie dla ewentualnej ewakuacji Polak\u00f3w&hellip;<\/p>\n","protected":false},"author":3,"featured_media":1930,"comment_status":"open","ping_status":"open","sticky":false,"template":"","format":"standard","meta":{"footnotes":""},"categories":[15,18],"tags":[],"class_list":["post-1929","post","type-post","status-publish","format-standard","has-post-thumbnail","hentry","category-swiat","category-top-news"],"_links":{"self":[{"href":"https:\/\/radiopoloniawinnipeg.com\/index.php\/wp-json\/wp\/v2\/posts\/1929","targetHints":{"allow":["GET"]}}],"collection":[{"href":"https:\/\/radiopoloniawinnipeg.com\/index.php\/wp-json\/wp\/v2\/posts"}],"about":[{"href":"https:\/\/radiopoloniawinnipeg.com\/index.php\/wp-json\/wp\/v2\/types\/post"}],"author":[{"embeddable":true,"href":"https:\/\/radiopoloniawinnipeg.com\/index.php\/wp-json\/wp\/v2\/users\/3"}],"replies":[{"embeddable":true,"href":"https:\/\/radiopoloniawinnipeg.com\/index.php\/wp-json\/wp\/v2\/comments?post=1929"}],"version-history":[{"count":0,"href":"https:\/\/radiopoloniawinnipeg.com\/index.php\/wp-json\/wp\/v2\/posts\/1929\/revisions"}],"wp:featuredmedia":[{"embeddable":true,"href":"https:\/\/radiopoloniawinnipeg.com\/index.php\/wp-json\/wp\/v2\/media\/1930"}],"wp:attachment":[{"href":"https:\/\/radiopoloniawinnipeg.com\/index.php\/wp-json\/wp\/v2\/media?parent=1929"}],"wp:term":[{"taxonomy":"category","embeddable":true,"href":"https:\/\/radiopoloniawinnipeg.com\/index.php\/wp-json\/wp\/v2\/categories?post=1929"},{"taxonomy":"post_tag","embeddable":true,"href":"https:\/\/radiopoloniawinnipeg.com\/index.php\/wp-json\/wp\/v2\/tags?post=1929"}],"curies":[{"name":"wp","href":"https:\/\/api.w.org\/{rel}","templated":true}]}}