{"id":1945,"date":"2025-06-13T16:30:06","date_gmt":"2025-06-13T20:30:06","guid":{"rendered":"https:\/\/radiopoloniawinnipeg.com\/index.php\/2025\/06\/13\/sytuacja-na-bliskim-wschodzie-opoznia-powrot-prezydenta-dudy\/"},"modified":"2025-06-13T16:30:06","modified_gmt":"2025-06-13T20:30:06","slug":"sytuacja-na-bliskim-wschodzie-opoznia-powrot-prezydenta-dudy","status":"publish","type":"post","link":"https:\/\/radiopoloniawinnipeg.com\/index.php\/2025\/06\/13\/sytuacja-na-bliskim-wschodzie-opoznia-powrot-prezydenta-dudy\/","title":{"rendered":"Sytuacja na Bliskim Wschodzie op\u00f3\u017ania powr\u00f3t prezydenta Dudy"},"content":{"rendered":"<p><img decoding=\"async\" loading=\"lazy\" class=\"aligncenter size-custom-full-size wp-image-214745\" src=\"https:\/\/bejsment.com\/wp-content\/uploads\/2025\/06\/aaprezydent4-636x477.jpg\" alt=\"\" width=\"636\" height=\"477\" \/><\/p>\n<p><strong>W zwi\u0105zku z izraelskim atakiem na Iran i narastaj\u0105cym napi\u0119ciem na Bliskim Wschodzie op\u00f3\u017ani\u0142 si\u0119 powr\u00f3t prezydenta Andrzeja Dudy z Singapuru. Samolot prezydencki nie wystartowa\u0142, trwa opracowywanie nowej trasy.<\/strong><\/p>\n<p>Z powodu napi\u0119tej sytuacji na Bliskim Wschodzie op\u00f3\u017ani\u0142 si\u0119 lot powrotny prezydenta Andrzeja Dudy z wizyty oficjalnej w Singapurze \u2014 poinformowa\u0142a Kancelaria Prezydenta RP. Trwa opracowywanie nowej trasy przelotu.<\/p>\n<p>Samolot prezydencki pierwotnie mia\u0142 wystartowa\u0107 z Singapuru w pi\u0105tek mi\u0119dzy godz. 17 a 18 czasu lokalnego (11\u201312 czasu polskiego). Lot jednak zosta\u0142 prze\u0142o\u017cony na czas nieokre\u015blony. \u2014 Prezydent nie przyby\u0142 na lotnisko, pozosta\u0142 w hotelu \u2014 przekaza\u0142 dziennikarz Polsat News Grzegorz Urbanek.<\/p>\n<p>Wed\u0142ug reportera, decyzja o nowym terminie wylotu mo\u017ce zapa\u015b\u0107 w ci\u0105gu najbli\u017cszej doby.<\/p>\n<p>\u201eZ uwagi na sytuacj\u0119 mi\u0119dzynarodow\u0105 na Bliskim Wschodzie lot powrotny Prezydenta RP Andrzeja Dudy z wizyty oficjalnej w Singapurze zosta\u0142 op\u00f3\u017aniony ze wzgl\u0119du na konieczno\u015b\u0107 zmiany trasy\u201d \u2014 poinformowa\u0142a Kancelaria Prezydenta po godz. 11.<\/p>\n<p>Prezydent Andrzej Duda wraz z ma\u0142\u017conk\u0105 Agat\u0105 Kornhauser-Dud\u0105 przebywa w Azji Po\u0142udniowo-Wschodniej od poniedzia\u0142ku. Para prezydencka odwiedzi\u0142a Malezj\u0119 i Singapur. Duda spotka\u0142 si\u0119 m.in. z najwa\u017cniejszymi politykami obu pa\u0144stw oraz wzi\u0105\u0142 udzia\u0142 w otwarciu Forum Biznesu Polska\u2013Singapur.<\/p>\n<h3><strong>Konflikt na Bliskim Wschodzie<\/strong><\/h3>\n<p>Decyzja o op\u00f3\u017anieniu lotu prezydenta zapad\u0142a w zwi\u0105zku z dynamicznym rozwojem sytuacji na Bliskim Wschodzie. W pi\u0105tek nad ranem Izrael przeprowadzi\u0142 ataki na ira\u0144skie cele nuklearne i wojskowe. Wed\u0142ug ira\u0144skich \u017ar\u00f3de\u0142 celem by\u0142y m.in. zak\u0142ad wzbogacania uranu w Natanz oraz obiekt w Parczin, gdzie, wed\u0142ug ekspert\u00f3w, prowadzone s\u0105 badania nad broni\u0105 j\u0105drow\u0105.<\/p>\n<p>R\u00f3wnie\u017c w pi\u0105tek rano armia izraelska poinformowa\u0142a, \u017ce z Iranu w kierunku Izraela wystrzelono ponad 100 dron\u00f3w, kt\u00f3re zacz\u0119to przechwytywa\u0107 jeszcze poza izraelsk\u0105 przestrzeni\u0105 powietrzn\u0105.<\/p>\n<p>Izraelski atak ostro pot\u0119pi\u0142a Arabia Saudyjska, uznaj\u0105c go za naruszenie prawa mi\u0119dzynarodowego. Krytyczne stanowisko zaj\u0119\u0142y tak\u017ce inne pa\u0144stwa arabskie regionu.<\/p>\n<p><em>Na podst. Polsat News<\/em><\/p>\n","protected":false},"excerpt":{"rendered":"<p>W zwi\u0105zku z izraelskim atakiem na Iran i narastaj\u0105cym napi\u0119ciem na Bliskim Wschodzie op\u00f3\u017ani\u0142 si\u0119 powr\u00f3t prezydenta Andrzeja Dudy z Singapuru. Samolot prezydencki nie wystartowa\u0142,&hellip;<\/p>\n","protected":false},"author":3,"featured_media":1946,"comment_status":"open","ping_status":"open","sticky":false,"template":"","format":"standard","meta":{"footnotes":""},"categories":[15,18],"tags":[],"class_list":["post-1945","post","type-post","status-publish","format-standard","has-post-thumbnail","hentry","category-swiat","category-top-news"],"_links":{"self":[{"href":"https:\/\/radiopoloniawinnipeg.com\/index.php\/wp-json\/wp\/v2\/posts\/1945","targetHints":{"allow":["GET"]}}],"collection":[{"href":"https:\/\/radiopoloniawinnipeg.com\/index.php\/wp-json\/wp\/v2\/posts"}],"about":[{"href":"https:\/\/radiopoloniawinnipeg.com\/index.php\/wp-json\/wp\/v2\/types\/post"}],"author":[{"embeddable":true,"href":"https:\/\/radiopoloniawinnipeg.com\/index.php\/wp-json\/wp\/v2\/users\/3"}],"replies":[{"embeddable":true,"href":"https:\/\/radiopoloniawinnipeg.com\/index.php\/wp-json\/wp\/v2\/comments?post=1945"}],"version-history":[{"count":0,"href":"https:\/\/radiopoloniawinnipeg.com\/index.php\/wp-json\/wp\/v2\/posts\/1945\/revisions"}],"wp:featuredmedia":[{"embeddable":true,"href":"https:\/\/radiopoloniawinnipeg.com\/index.php\/wp-json\/wp\/v2\/media\/1946"}],"wp:attachment":[{"href":"https:\/\/radiopoloniawinnipeg.com\/index.php\/wp-json\/wp\/v2\/media?parent=1945"}],"wp:term":[{"taxonomy":"category","embeddable":true,"href":"https:\/\/radiopoloniawinnipeg.com\/index.php\/wp-json\/wp\/v2\/categories?post=1945"},{"taxonomy":"post_tag","embeddable":true,"href":"https:\/\/radiopoloniawinnipeg.com\/index.php\/wp-json\/wp\/v2\/tags?post=1945"}],"curies":[{"name":"wp","href":"https:\/\/api.w.org\/{rel}","templated":true}]}}