{"id":1955,"date":"2025-06-14T07:30:05","date_gmt":"2025-06-14T11:30:05","guid":{"rendered":"https:\/\/radiopoloniawinnipeg.com\/index.php\/2025\/06\/14\/nowa-afera-podsluchowa-wyciekly-nagrania-z-udzialem-tuska\/"},"modified":"2025-06-14T07:30:05","modified_gmt":"2025-06-14T11:30:05","slug":"nowa-afera-podsluchowa-wyciekly-nagrania-z-udzialem-tuska","status":"publish","type":"post","link":"https:\/\/radiopoloniawinnipeg.com\/index.php\/2025\/06\/14\/nowa-afera-podsluchowa-wyciekly-nagrania-z-udzialem-tuska\/","title":{"rendered":"Nowa afera pods\u0142uchowa? Wyciek\u0142y nagrania z udzia\u0142em Tuska"},"content":{"rendered":"<p><img decoding=\"async\" loading=\"lazy\" class=\"aligncenter size-custom-full-size wp-image-214864\" src=\"https:\/\/bejsment.com\/wp-content\/uploads\/2025\/06\/aatuskgiertych-636x477.jpg\" alt=\"\" width=\"636\" height=\"477\" \/><\/p>\n<p><strong>Telewizja wPolsce24 ujawni\u0142a fragment rozmowy Donalda Tuska z Romanem Giertychem, kt\u00f3ra mia\u0142a zosta\u0107 zarejestrowana w 2019 roku. TV Republika zapowiada kolejne ujawnienia \u2013 tym razem z udzia\u0142em czo\u0142owych polityk\u00f3w obecnej koalicji rz\u0105dz\u0105cej.<\/strong><\/p>\n<p>W kr\u00f3tkim nagraniu, kt\u00f3re opublikowano w pi\u0105tek wieczorem, s\u0142ycha\u0107 rozmow\u0119 Giertycha i Tuska na temat ewentualnego miejsca na li\u015bcie wyborczej dla mecenasa.<\/p>\n<p>\u2014 Gdzie\u015b tam wschodnia Wielkopolska, Radom. Wszystko takie <em>shity<\/em>, wiesz \u2014 m\u00f3wi Giertych.<\/p>\n<p>\u2014 Tam, gdzie <em>zjeby<\/em> s\u0105 \u2014 dodaje Tusk.<\/p>\n<p>Nagranie ma pochodzi\u0107 z 2019 roku. Nie podano, kto je zarejestrowa\u0142 ani w jakich okoliczno\u015bciach.<\/p>\n<blockquote class=\"twitter-tweet\" data-width=\"550\" data-dnt=\"true\">\n<p lang=\"pl\" dir=\"ltr\">Tylko u nas! <\/p>\n","protected":false},"excerpt":{"rendered":"<p>Telewizja wPolsce24 ujawni\u0142a fragment rozmowy Donalda Tuska z Romanem Giertychem, kt\u00f3ra mia\u0142a zosta\u0107 zarejestrowana w 2019 roku. TV Republika zapowiada kolejne ujawnienia \u2013 tym razem&hellip;<\/p>\n","protected":false},"author":3,"featured_media":1956,"comment_status":"open","ping_status":"open","sticky":false,"template":"","format":"standard","meta":{"footnotes":""},"categories":[14,18],"tags":[],"class_list":["post-1955","post","type-post","status-publish","format-standard","has-post-thumbnail","hentry","category-polska","category-top-news"],"_links":{"self":[{"href":"https:\/\/radiopoloniawinnipeg.com\/index.php\/wp-json\/wp\/v2\/posts\/1955","targetHints":{"allow":["GET"]}}],"collection":[{"href":"https:\/\/radiopoloniawinnipeg.com\/index.php\/wp-json\/wp\/v2\/posts"}],"about":[{"href":"https:\/\/radiopoloniawinnipeg.com\/index.php\/wp-json\/wp\/v2\/types\/post"}],"author":[{"embeddable":true,"href":"https:\/\/radiopoloniawinnipeg.com\/index.php\/wp-json\/wp\/v2\/users\/3"}],"replies":[{"embeddable":true,"href":"https:\/\/radiopoloniawinnipeg.com\/index.php\/wp-json\/wp\/v2\/comments?post=1955"}],"version-history":[{"count":0,"href":"https:\/\/radiopoloniawinnipeg.com\/index.php\/wp-json\/wp\/v2\/posts\/1955\/revisions"}],"wp:featuredmedia":[{"embeddable":true,"href":"https:\/\/radiopoloniawinnipeg.com\/index.php\/wp-json\/wp\/v2\/media\/1956"}],"wp:attachment":[{"href":"https:\/\/radiopoloniawinnipeg.com\/index.php\/wp-json\/wp\/v2\/media?parent=1955"}],"wp:term":[{"taxonomy":"category","embeddable":true,"href":"https:\/\/radiopoloniawinnipeg.com\/index.php\/wp-json\/wp\/v2\/categories?post=1955"},{"taxonomy":"post_tag","embeddable":true,"href":"https:\/\/radiopoloniawinnipeg.com\/index.php\/wp-json\/wp\/v2\/tags?post=1955"}],"curies":[{"name":"wp","href":"https:\/\/api.w.org\/{rel}","templated":true}]}}