{"id":1961,"date":"2025-06-14T11:30:04","date_gmt":"2025-06-14T15:30:04","guid":{"rendered":"https:\/\/radiopoloniawinnipeg.com\/index.php\/2025\/06\/14\/dr-theresa-tam-odchodzi-ze-stanowiska-naczelnej-lekarki-kanady\/"},"modified":"2025-06-14T11:30:04","modified_gmt":"2025-06-14T15:30:04","slug":"dr-theresa-tam-odchodzi-ze-stanowiska-naczelnej-lekarki-kanady","status":"publish","type":"post","link":"https:\/\/radiopoloniawinnipeg.com\/index.php\/2025\/06\/14\/dr-theresa-tam-odchodzi-ze-stanowiska-naczelnej-lekarki-kanady\/","title":{"rendered":"Dr Theresa Tam odchodzi ze stanowiska naczelnej lekarki Kanady\u00a0"},"content":{"rendered":"<p><a href=\"https:\/\/bejsment.com\/wp-content\/uploads\/2025\/06\/tammmm.jpg\"><img decoding=\"async\" loading=\"lazy\" class=\"aligncenter size-custom-full-size wp-image-214821\" src=\"https:\/\/bejsment.com\/wp-content\/uploads\/2025\/06\/tammmm-636x788.jpg\" alt=\"\" width=\"636\" height=\"788\" \/><\/a>Dr Theresa Tam, naczelna urz\u0119dniczka ds. zdrowia publicznego w Kanadzie, zako\u0144czy swoj\u0105 kadencj\u0119 w pi\u0105tek, 20 czerwca, i odejdzie ze stanowiska. Funkcj\u0119 t\u0119 sprawowa\u0142a od czerwca 2017 roku, ale szerok\u0105 rozpoznawalno\u015b\u0107 zyska\u0142a w ostatnich latach, gdy odegra\u0142a kluczow\u0105 rol\u0119 w koordynowaniu dzia\u0142a\u0144 zdrowotnych podczas pandemii COVID-19.<\/p>\n<p>Dr Tam zapowiedzia\u0142a, \u017ce po zako\u0144czeniu pracy nie ma konkretnych plan\u00f3w zawodowych. Planuje zrobi\u0107 sobie przerw\u0119, by odpocz\u0105\u0107, po\u015bwi\u0119ci\u0107 wi\u0119cej czasu rodzinie i wr\u00f3ci\u0107 do swoich zainteresowa\u0144, takich jak bieganie na d\u0142ugich dystansach i gra na instrumentach muzycznych.<\/p>\n<p>Z wykszta\u0142cenia jest pediatr\u0105 ze specjalizacj\u0105 w chorobach zaka\u017anych. Do federalnej s\u0142u\u017cby zdrowia publicznego do\u0142\u0105czy\u0142a oko\u0142o 1998 roku, w czasie, gdy Kanada oficjalnie wyeliminowa\u0142a odr\u0119. Dr Tam wyrazi\u0142a zaniepokojenie pojawieniem si\u0119 przypadk\u00f3w tej choroby, ale jednocze\u015bnie wyrazi\u0142a przekonanie, \u017ce dzi\u0119ki szczepieniom mo\u017cliwe jest powstrzymanie jej rozprzestrzeniania si\u0119 na terenie kraju.<\/p>\n","protected":false},"excerpt":{"rendered":"<p>Dr Theresa Tam, naczelna urz\u0119dniczka ds. zdrowia publicznego w Kanadzie, zako\u0144czy swoj\u0105 kadencj\u0119 w pi\u0105tek, 20 czerwca, i odejdzie ze stanowiska. Funkcj\u0119 t\u0119 sprawowa\u0142a od&hellip;<\/p>\n","protected":false},"author":3,"featured_media":1962,"comment_status":"open","ping_status":"open","sticky":false,"template":"","format":"standard","meta":{"footnotes":""},"categories":[12,18],"tags":[],"class_list":["post-1961","post","type-post","status-publish","format-standard","has-post-thumbnail","hentry","category-kanada","category-top-news"],"_links":{"self":[{"href":"https:\/\/radiopoloniawinnipeg.com\/index.php\/wp-json\/wp\/v2\/posts\/1961","targetHints":{"allow":["GET"]}}],"collection":[{"href":"https:\/\/radiopoloniawinnipeg.com\/index.php\/wp-json\/wp\/v2\/posts"}],"about":[{"href":"https:\/\/radiopoloniawinnipeg.com\/index.php\/wp-json\/wp\/v2\/types\/post"}],"author":[{"embeddable":true,"href":"https:\/\/radiopoloniawinnipeg.com\/index.php\/wp-json\/wp\/v2\/users\/3"}],"replies":[{"embeddable":true,"href":"https:\/\/radiopoloniawinnipeg.com\/index.php\/wp-json\/wp\/v2\/comments?post=1961"}],"version-history":[{"count":0,"href":"https:\/\/radiopoloniawinnipeg.com\/index.php\/wp-json\/wp\/v2\/posts\/1961\/revisions"}],"wp:featuredmedia":[{"embeddable":true,"href":"https:\/\/radiopoloniawinnipeg.com\/index.php\/wp-json\/wp\/v2\/media\/1962"}],"wp:attachment":[{"href":"https:\/\/radiopoloniawinnipeg.com\/index.php\/wp-json\/wp\/v2\/media?parent=1961"}],"wp:term":[{"taxonomy":"category","embeddable":true,"href":"https:\/\/radiopoloniawinnipeg.com\/index.php\/wp-json\/wp\/v2\/categories?post=1961"},{"taxonomy":"post_tag","embeddable":true,"href":"https:\/\/radiopoloniawinnipeg.com\/index.php\/wp-json\/wp\/v2\/tags?post=1961"}],"curies":[{"name":"wp","href":"https:\/\/api.w.org\/{rel}","templated":true}]}}