{"id":1963,"date":"2025-06-14T12:30:05","date_gmt":"2025-06-14T16:30:05","guid":{"rendered":"https:\/\/radiopoloniawinnipeg.com\/index.php\/2025\/06\/14\/po-atakach-izraela-skazenie-w-iranskim-obiekcie-nuklearnym\/"},"modified":"2025-06-14T12:30:05","modified_gmt":"2025-06-14T16:30:05","slug":"po-atakach-izraela-skazenie-w-iranskim-obiekcie-nuklearnym","status":"publish","type":"post","link":"https:\/\/radiopoloniawinnipeg.com\/index.php\/2025\/06\/14\/po-atakach-izraela-skazenie-w-iranskim-obiekcie-nuklearnym\/","title":{"rendered":"Po atakach Izraela: ska\u017cenie w ira\u0144skim obiekcie nuklearnym"},"content":{"rendered":"<p><img decoding=\"async\" loading=\"lazy\" class=\"aligncenter size-custom-full-size wp-image-214886\" src=\"https:\/\/bejsment.com\/wp-content\/uploads\/2025\/06\/aaosrodeknatanz-636x358.jpg\" alt=\"\" width=\"636\" height=\"358\" \/><\/p>\n<p><strong>Po izraelskich atakach na zak\u0142ad wzbogacania uranu w Natanz dosz\u0142o do uwolnienia cz\u0105stek alfa. Mi\u0119dzynarodowa Agencja Energii Atomowej apeluje o powstrzymanie atak\u00f3w na obiekty j\u0105drowe.<\/strong><\/p>\n<p>Mi\u0119dzynarodowa Agencja Energii Atomowej (MAEA) poinformowa\u0142a o wycieku promieniowania w najwi\u0119kszym ira\u0144skim o\u015brodku nuklearnym w Natanz, kt\u00f3ry zosta\u0142 zaatakowany przez Izrael w nocy z czwartku na pi\u0105tek. Jak przekaza\u0142 dyrektor generalny MAEA Rafael Grossi, w wyniku ostrza\u0142u uwolnione zosta\u0142y cz\u0105stki alfa \u2013 jeden z rodzaj\u00f3w promieniowania jonizuj\u0105cego.<\/p>\n<p>\u2013 Poziom promieniowania poza obiektem pozosta\u0142 niezmieniony. Ska\u017cenie wewn\u0105trz zak\u0142adu mo\u017cna kontrolowa\u0107 za pomoc\u0105 odpowiednich \u015brodk\u00f3w ochronnych \u2013 podkre\u015bli\u0142 Grossi.<\/p>\n<p>Z kolei ira\u0144ska Organizacja Energii Atomowej zapewnia, \u017ce zak\u0142ad nie odni\u00f3s\u0142 powa\u017cnych uszkodze\u0144, a promieniowanie \u201enie powinno niepokoi\u0107 ludno\u015bci\u201d. \u2013 Trwa ocena szk\u00f3d \u2013 doda\u0142 jej szef, Mohammad Eslami.<\/p>\n<p>Rafael Grossi ostrzeg\u0142, \u017ce ataki na obiekty nuklearne, niezale\u017cnie od okoliczno\u015bci, stanowi\u0105 powa\u017cne zagro\u017cenie dla bezpiecze\u0144stwa mi\u0119dzynarodowego. \u2013 Takie dzia\u0142ania maj\u0105 powa\u017cne konsekwencje dla bezpiecze\u0144stwa nuklearnego i pokoju w regionie \u2013 zaznaczy\u0142.<\/p>\n<p>W izraelskich nalotach zgin\u0119\u0142o ok. 20 wysokich rang\u0105 ira\u0144skich dow\u00f3dc\u00f3w i naukowc\u00f3w zwi\u0105zanych z programem nuklearnym. W\u015br\u00f3d nich znalaz\u0142 si\u0119 Hosejn Salami, dotychczasowy dow\u00f3dca Korpusu Stra\u017cnik\u00f3w Rewolucji Islamskiej. Jego nast\u0119pca, Mohammad Pakpour, zapowiedzia\u0142 \u201eotwarcie bram piekie\u0142\u201d w odpowiedzi na ataki.<\/p>\n<p>Wed\u0142ug medialnych doniesie\u0144, przed bombardowaniem Izrael przeprowadzi\u0142 cyberatak i operacj\u0119 walki elektronicznej, maj\u0105ce na celu dezorganizacj\u0119 ira\u0144skiej obrony. Ca\u0142a operacja mo\u017ce potrwa\u0107 nawet dwa tygodnie.<\/p>\n<p style=\"text-align: right\"><em>Na podst. Reuters<\/em><\/p>\n","protected":false},"excerpt":{"rendered":"<p>Po izraelskich atakach na zak\u0142ad wzbogacania uranu w Natanz dosz\u0142o do uwolnienia cz\u0105stek alfa. Mi\u0119dzynarodowa Agencja Energii Atomowej apeluje o powstrzymanie atak\u00f3w na obiekty j\u0105drowe.&hellip;<\/p>\n","protected":false},"author":3,"featured_media":1964,"comment_status":"open","ping_status":"open","sticky":false,"template":"","format":"standard","meta":{"footnotes":""},"categories":[15,18],"tags":[],"class_list":["post-1963","post","type-post","status-publish","format-standard","has-post-thumbnail","hentry","category-swiat","category-top-news"],"_links":{"self":[{"href":"https:\/\/radiopoloniawinnipeg.com\/index.php\/wp-json\/wp\/v2\/posts\/1963","targetHints":{"allow":["GET"]}}],"collection":[{"href":"https:\/\/radiopoloniawinnipeg.com\/index.php\/wp-json\/wp\/v2\/posts"}],"about":[{"href":"https:\/\/radiopoloniawinnipeg.com\/index.php\/wp-json\/wp\/v2\/types\/post"}],"author":[{"embeddable":true,"href":"https:\/\/radiopoloniawinnipeg.com\/index.php\/wp-json\/wp\/v2\/users\/3"}],"replies":[{"embeddable":true,"href":"https:\/\/radiopoloniawinnipeg.com\/index.php\/wp-json\/wp\/v2\/comments?post=1963"}],"version-history":[{"count":0,"href":"https:\/\/radiopoloniawinnipeg.com\/index.php\/wp-json\/wp\/v2\/posts\/1963\/revisions"}],"wp:featuredmedia":[{"embeddable":true,"href":"https:\/\/radiopoloniawinnipeg.com\/index.php\/wp-json\/wp\/v2\/media\/1964"}],"wp:attachment":[{"href":"https:\/\/radiopoloniawinnipeg.com\/index.php\/wp-json\/wp\/v2\/media?parent=1963"}],"wp:term":[{"taxonomy":"category","embeddable":true,"href":"https:\/\/radiopoloniawinnipeg.com\/index.php\/wp-json\/wp\/v2\/categories?post=1963"},{"taxonomy":"post_tag","embeddable":true,"href":"https:\/\/radiopoloniawinnipeg.com\/index.php\/wp-json\/wp\/v2\/tags?post=1963"}],"curies":[{"name":"wp","href":"https:\/\/api.w.org\/{rel}","templated":true}]}}